{"id":78981,"date":"2025-04-01T17:43:20","date_gmt":"2025-04-01T23:43:20","guid":{"rendered":"https:\/\/zonaroja.com.mx\/?p=78981"},"modified":"2025-04-01T17:43:21","modified_gmt":"2025-04-01T23:43:21","slug":"revelan-expediente-de-cuauhtemoc-blanco-sobre-agresion-sexual-a-su-hermana","status":"publish","type":"post","link":"https:\/\/zonaroja.com.mx\/?p=78981","title":{"rendered":"Revelan expediente de Cuauht\u00e9moc Blanco sobre agresi\u00f3n sexual a su hermana"},"content":{"rendered":"\n<p>Redacci\u00f3n\/Zona Roja Cdmx.<\/p>\n\n\n\n<p>Ciudad de M\u00e9xico, a 1 de abril de 2025.- Cuauht\u00e9moc Blanco, diputado federal de Morena y exgobernador de Morelos, en las \u00faltimas semanas ha estado en el \u201cojo del hurac\u00e1n\u201d, luego que fue denunciado por su media hermana de intento de violaci\u00f3n y tras el intento de desafuero en su contra que se abord\u00f3 en la C\u00e1mara de Diputados y que finalmente no se concret\u00f3.<\/p>\n\n\n\n<p>A pocos d\u00edas que el bloque mayoritario de Morena, junto con sus aliados del PVEM e incluso con el apoyo del PRI rechazaran quitarle el fuero, sale a la luz la violencia que habr\u00eda ejercido el exgobernador de Morelos en contra de Nidia Fabiola, su media hermana, en 2023, seg\u00fan la denuncia a la que tuvo acceso El Pa\u00eds.<\/p>\n\n\n\n<p>La declaraci\u00f3n de Nidia Fabiola, a la que tuvo acceso el diario espa\u00f1ol, relata que una noche de diciembre de 2023, despu\u00e9s de una fiesta en la residencia oficial del Gobierno de Morelos, Cuauht\u00e9moc Blanco intent\u00f3 violarla.<\/p>\n\n\n\n<p>Seg\u00fan su denuncia, el entonces gobernador de Morelos entr\u00f3 a su habitaci\u00f3n por la fuerza luego de llamar a la puerta presuntamente bajo la influencia del alcohol.<\/p>\n\n\n\n<p>Al abrir la puerta, \u00e9l irrumpi\u00f3, la arrincon\u00f3 en la cama, la sujet\u00f3, intent\u00f3 besarla, toc\u00f3 su cuerpo, e incluso trat\u00f3 de arrancarle el pijama.<\/p>\n\n\n\n<p>\u201cCuauht\u00e9moc, al ver que estaba gritando y que ya me hab\u00eda levantado de la cama, estando parada, pegada a los pies de la cama y que no me dejaba, me volvi\u00f3 a tomar de un brazo con mucha fuerza y despu\u00e9s me someti\u00f3 en la cama nuevamente, sujet\u00e1ndome de un brazo\u201d, revela el peri\u00f3dico sobre la denuncia que present\u00f3 Nidia Fabiola ante la Fiscal\u00eda de Morelos.<\/p>\n\n\n\n<p>A pesar de los forcejeos, \u00e9l insisti\u00f3, la golpe\u00f3, la insult\u00f3 y actu\u00f3 de manera m\u00e1s violenta: \u201c\u00a1Afuera est\u00e1 tu gente muy cercana y tu seguridad! \u00a1Date cuenta lo que est\u00e1s tratando de hacerme! \u00a1Vete de aqu\u00ed, cabr\u00f3n!\u201d, exigi\u00f3.<\/p>\n\n\n\n<p>\u201cYo, estando bocarriba con el otro brazo, le empiezo a dar de pu\u00f1etazos en el cuerpo y algunos en la cabeza, y [\u00e9l] con su otra mano me quiere tapar la boca para que dejara de gritar: \u2018\u00a1D\u00e9jame, cabr\u00f3n, su\u00e9ltame! \u00a1Ayuda!\u2018. Y \u00e9l encima de m\u00ed tratando de violarme\u201d.<\/p>\n\n\n\n<p>Nidia Fabiola luch\u00f3 gritando y golpe\u00e1ndolo durante 4 minutos, hasta que finalmente logr\u00f3 que se detuviera y se fuera de la habitaci\u00f3n.<\/p>\n\n\n\n<p>\u201cYo me mov\u00eda dando manotazos y lo empujaba con mis brazos y piernas para alejarlo de m\u00ed. Fue as\u00ed que logr\u00e9 que se separara de m\u00ed, por los golpes que le di y gritos que estaba haciendo\u201d.<\/p>\n\n\n\n<p>Posteriormente trab\u00f3 la puerta con una silla por miedo y pas\u00f3 el resto de la noche llorando, temblando y sin poder dormir.<\/p>\n\n\n\n<p>Adem\u00e1s, la denuncia detalla el vestuario de Cuauht\u00e9moc Blanco esa noche, que consist\u00eda en una playera desgastada que \u00e9l, se\u00f1al\u00f3, Nidia Fabiola, sol\u00eda usar al beber y fumar en la residencia.<\/p>\n\n\n\n<p>La mujer explic\u00f3 que esper\u00f3 meses antes de presentar la denuncia debido a que estaba \u201casustada, con sentimientos de dolor, rabia, confundida, impotente de lo que pas\u00f3\u201d.<\/p>\n\n\n\n<p>(Informaci\u00f3n de Pol\u00edtico Mx)<\/p>\n","protected":false},"excerpt":{"rendered":"<p>Redacci\u00f3n\/Zona Roja Cdmx. Ciudad de M\u00e9xico, a 1 de abril de 2025.- Cuauht\u00e9moc Blanco, diputado&hellip;<\/p>\n","protected":false},"author":2,"featured_media":78982,"comment_status":"closed","ping_status":"open","sticky":false,"template":"","format":"standard","meta":{"_lmt_disableupdate":"","_lmt_disable":"","_jetpack_memberships_contains_paid_content":false,"footnotes":""},"categories":[109,47],"tags":[4088],"class_list":["post-78981","post","type-post","status-publish","format-standard","has-post-thumbnail","hentry","category-minuto-a-minuto","category-zona-gris","tag-cuauhtemoc-blanco"],"jetpack_featured_media_url":"https:\/\/zonaroja.com.mx\/wp-content\/uploads\/2025\/04\/Cuahutemoc-Blanco-y-hermana.webp","jetpack_sharing_enabled":true,"_links":{"self":[{"href":"https:\/\/zonaroja.com.mx\/index.php?rest_route=\/wp\/v2\/posts\/78981","targetHints":{"allow":["GET"]}}],"collection":[{"href":"https:\/\/zonaroja.com.mx\/index.php?rest_route=\/wp\/v2\/posts"}],"about":[{"href":"https:\/\/zonaroja.com.mx\/index.php?rest_route=\/wp\/v2\/types\/post"}],"author":[{"embeddable":true,"href":"https:\/\/zonaroja.com.mx\/index.php?rest_route=\/wp\/v2\/users\/2"}],"replies":[{"embeddable":true,"href":"https:\/\/zonaroja.com.mx\/index.php?rest_route=%2Fwp%2Fv2%2Fcomments&post=78981"}],"version-history":[{"count":1,"href":"https:\/\/zonaroja.com.mx\/index.php?rest_route=\/wp\/v2\/posts\/78981\/revisions"}],"predecessor-version":[{"id":78983,"href":"https:\/\/zonaroja.com.mx\/index.php?rest_route=\/wp\/v2\/posts\/78981\/revisions\/78983"}],"wp:featuredmedia":[{"embeddable":true,"href":"https:\/\/zonaroja.com.mx\/index.php?rest_route=\/wp\/v2\/media\/78982"}],"wp:attachment":[{"href":"https:\/\/zonaroja.com.mx\/index.php?rest_route=%2Fwp%2Fv2%2Fmedia&parent=78981"}],"wp:term":[{"taxonomy":"category","embeddable":true,"href":"https:\/\/zonaroja.com.mx\/index.php?rest_route=%2Fwp%2Fv2%2Fcategories&post=78981"},{"taxonomy":"post_tag","embeddable":true,"href":"https:\/\/zonaroja.com.mx\/index.php?rest_route=%2Fwp%2Fv2%2Ftags&post=78981"}],"curies":[{"name":"wp","href":"https:\/\/api.w.org\/{rel}","templated":true}]}}