{"id":78984,"date":"2025-04-01T18:47:11","date_gmt":"2025-04-02T00:47:11","guid":{"rendered":"https:\/\/zonaroja.com.mx\/?p=78984"},"modified":"2025-04-01T18:47:13","modified_gmt":"2025-04-02T00:47:13","slug":"opinion-caer-en-el-juego","status":"publish","type":"post","link":"https:\/\/zonaroja.com.mx\/?p=78984","title":{"rendered":"Opini\u00f3n. Caer en el juego"},"content":{"rendered":"\n<p>Julio C\u00e9sar Silva Tronco<\/p>\n\n\n\n<p>La aprobaci\u00f3n de la reforma judicial el a\u00f1o pasado represent\u00f3, a mi juicio, uno de los retrocesos m\u00e1s significativos en materia de divisi\u00f3n de poderes e institucionalidad democr\u00e1tica en la historia reciente de M\u00e9xico.&nbsp;<\/p>\n\n\n\n<p>La esencia misma del equilibrio entre poderes qued\u00f3 comprometida al someter al Poder Judicial a una l\u00f3gica de control pol\u00edtico, eliminando garant\u00edas que hasta hace poco aseguraban su independencia.<\/p>\n\n\n\n<p>Desde entonces, diversos sectores \u2013acad\u00e9micos, profesionales del derecho, organizaciones de la sociedad civil e incluso voces pol\u00edticas opositoras\u2013 manifestaron su preocupaci\u00f3n sobre los efectos nocivos de esta reforma.&nbsp;<\/p>\n\n\n\n<p>Se advirti\u00f3 sobre el riesgo de un Poder Judicial supeditado al Ejecutivo, de jueces electos m\u00e1s por su afinidad que por su capacidad, y de un sistema que debilita los contrapesos constitucionales en lugar de reforzarlos.<\/p>\n\n\n\n<p>Sin embargo, hoy vemos c\u00f3mo muchas de esas mismas voces que se opusieron con raz\u00f3n a la reforma han comenzado a participar en el juego planteado por el propio gobierno. \u00bfC\u00f3mo?&nbsp;<\/p>\n\n\n\n<p>A trav\u00e9s de la promoci\u00f3n y difusi\u00f3n de perfiles \u201cid\u00f3neos\u201d para ocupar cargos en el nuevo modelo de elecci\u00f3n de jueces, magistrados y ministros. Bajo el argumento de que \u201cla reforma ya es una realidad\u201d y que \u201clo responsable es incidir para que lleguen los mejores perfiles\u201d, se ha normalizado la idea de que debemos jugar con las reglas del r\u00e9gimen actual.<\/p>\n\n\n\n<p>Desde mi perspectiva, esa narrativa es peligrosa. Contribuye, aunque sea de forma involuntaria, a legitimar un proceso que no es democr\u00e1tico ni imparcial.<\/p>\n\n\n\n<p>Hacer sugerencias, promover nombres y participar en la din\u00e1mica que Morena ha impulsado con esta reforma es, en los hechos, validar su contenido y reforzar su implementaci\u00f3n. Es aceptar que ya no hay nada por hacer, m\u00e1s que adaptarse. Pero adaptarse, en este contexto, es claudicar.<\/p>\n\n\n\n<p>Peor a\u00fan: conocemos el modus operandi del partido en el poder. Muchos de los perfiles \u201cid\u00f3neos\u201d ya han sido palomeados desde las estructuras partidistas, y es ingenuo pensar que los mecanismos de elecci\u00f3n ser\u00e1n transparentes o meritocr\u00e1ticos.&nbsp;<\/p>\n\n\n\n<p>La maquinaria electoral de Morena se activar\u00e1 para asegurar que quienes lleguen al Poder Judicial respondan a una l\u00f3gica de lealtad pol\u00edtica y no a criterios de trayectoria, conocimiento o compromiso con el Estado de Derecho.<\/p>\n\n\n\n<p>Por eso, lejos de participar en ese proceso, creo que el camino est\u00e1 en otra parte. Nuestro esfuerzo debe concentrarse en fortalecer opciones ciudadanas, construir estructuras independientes, formar liderazgos nuevos y preparar estrategias de mediano y largo plazo que nos permitan conquistar espacios de poder desde una l\u00f3gica distinta: la de la autonom\u00eda, la representatividad real y el compromiso con el inter\u00e9s p\u00fablico.<\/p>\n\n\n\n<p>La ciudadan\u00eda no puede seguir siendo solamente espectadora ni adaptarse d\u00f3cilmente a las decisiones del r\u00e9gimen. Es momento de ser protagonistas de un nuevo proyecto democr\u00e1tico que devuelva equilibrio, profesionalismo y legitimidad a las instituciones.<\/p>\n\n\n\n<p>Caer en el juego del gobierno es, en el fondo, asumir que no tenemos otra opci\u00f3n. Y creo firmemente que s\u00ed la tenemos. Pero hay que construirla.<\/p>\n","protected":false},"excerpt":{"rendered":"<p>Julio C\u00e9sar Silva Tronco La aprobaci\u00f3n de la reforma judicial el a\u00f1o pasado represent\u00f3, a&hellip;<\/p>\n","protected":false},"author":2,"featured_media":72543,"comment_status":"closed","ping_status":"open","sticky":false,"template":"","format":"standard","meta":{"_lmt_disableupdate":"","_lmt_disable":"","_jetpack_memberships_contains_paid_content":false,"footnotes":""},"categories":[456,109],"tags":[4267],"class_list":["post-78984","post","type-post","status-publish","format-standard","has-post-thumbnail","hentry","category-columna","category-minuto-a-minuto","tag-julio-cesar-silva-tronco"],"jetpack_featured_media_url":"https:\/\/zonaroja.com.mx\/wp-content\/uploads\/2024\/09\/Reforma-al-Poder-Judicial.jpeg","jetpack_sharing_enabled":true,"_links":{"self":[{"href":"https:\/\/zonaroja.com.mx\/index.php?rest_route=\/wp\/v2\/posts\/78984","targetHints":{"allow":["GET"]}}],"collection":[{"href":"https:\/\/zonaroja.com.mx\/index.php?rest_route=\/wp\/v2\/posts"}],"about":[{"href":"https:\/\/zonaroja.com.mx\/index.php?rest_route=\/wp\/v2\/types\/post"}],"author":[{"embeddable":true,"href":"https:\/\/zonaroja.com.mx\/index.php?rest_route=\/wp\/v2\/users\/2"}],"replies":[{"embeddable":true,"href":"https:\/\/zonaroja.com.mx\/index.php?rest_route=%2Fwp%2Fv2%2Fcomments&post=78984"}],"version-history":[{"count":1,"href":"https:\/\/zonaroja.com.mx\/index.php?rest_route=\/wp\/v2\/posts\/78984\/revisions"}],"predecessor-version":[{"id":78985,"href":"https:\/\/zonaroja.com.mx\/index.php?rest_route=\/wp\/v2\/posts\/78984\/revisions\/78985"}],"wp:featuredmedia":[{"embeddable":true,"href":"https:\/\/zonaroja.com.mx\/index.php?rest_route=\/wp\/v2\/media\/72543"}],"wp:attachment":[{"href":"https:\/\/zonaroja.com.mx\/index.php?rest_route=%2Fwp%2Fv2%2Fmedia&parent=78984"}],"wp:term":[{"taxonomy":"category","embeddable":true,"href":"https:\/\/zonaroja.com.mx\/index.php?rest_route=%2Fwp%2Fv2%2Fcategories&post=78984"},{"taxonomy":"post_tag","embeddable":true,"href":"https:\/\/zonaroja.com.mx\/index.php?rest_route=%2Fwp%2Fv2%2Ftags&post=78984"}],"curies":[{"name":"wp","href":"https:\/\/api.w.org\/{rel}","templated":true}]}}