{"id":78986,"date":"2025-04-01T20:05:33","date_gmt":"2025-04-02T02:05:33","guid":{"rendered":"https:\/\/zonaroja.com.mx\/?p=78986"},"modified":"2025-04-01T20:05:35","modified_gmt":"2025-04-02T02:05:35","slug":"revoca-gobierno-de-oaxaca-notaria-de-nassar-pineyro-ex-secretario-de-murat","status":"publish","type":"post","link":"https:\/\/zonaroja.com.mx\/?p=78986","title":{"rendered":"Revoca gobierno de Oaxaca Notar\u00eda de Nassar Pi\u00f1eyro, ex secretario de Murat"},"content":{"rendered":"\n<p>Redacci\u00f3n\/Zona Roja.<\/p>\n\n\n\n<p>Oaxaca de Ju\u00e1rez, Oax., 1 de abril de 2025.- La Consejer\u00eda Jur\u00eddica y Asistencia Legal, en coordinaci\u00f3n con la Direcci\u00f3n General de Notar\u00edas y Archivo General de Notar\u00edas, revocaron el Fiat n\u00famero 15, que le hab\u00eda sido otorgado a Guillermo Alejandro Nassar Pi\u00f1eyro, exsecretario privado del exgobernador, Alejandro Murat Hinojosa.<\/p>\n\n\n\n<p>El consejero Jur\u00eddico, Geovany V\u00e1squez Sagrero, indic\u00f3 que los requisitos que incumpli\u00f3 el notario y por lo cual le fue retirado el Fiat fueron: tener una residencia en el estado no menor de cinco a\u00f1os; no haber sido declarado en quiebra o sujeto a concurso sin que haya sido rehabilitado; no haber sido separado del ejercicio del Notariado dentro de la Rep\u00fablica Mexicana.<\/p>\n\n\n\n<p>As\u00ed como no haber practicado un a\u00f1o en alguna Notar\u00eda del pa\u00eds en forma continua y tener cuando menos cinco a\u00f1os de pr\u00e1ctica de la profesi\u00f3n de abogado, contados desde la fecha del examen profesional respectivo.<\/p>\n\n\n\n<p>Cabe mencionar que el pasado viernes 28 de marzo, personal especializado acudi\u00f3 al inmueble ubicado en calle San Mart\u00edn n\u00famero 102, del centro de Oaxaca de Ju\u00e1rez, para notificar la resoluci\u00f3n del procedimiento de revisi\u00f3n administrativa de oficio, que la Consejer\u00eda Jur\u00eddica instruy\u00f3 para estudiar las irregularidades que exist\u00edan en el proceso por el que le hab\u00edan entregado la notar\u00eda.<\/p>\n\n\n\n<p>Ante tal situaci\u00f3n, el 31 de marzo, Nassar Pi\u00f1eyro, por medio de un representante legal, acudi\u00f3 a las oficinas de la Direcci\u00f3n General de Notar\u00edas, donde entreg\u00f3 los libros notariales en su poder, ap\u00e9ndices y su sello fue destruido, por lo cual firm\u00f3 su acta de clausura.&nbsp;<\/p>\n\n\n\n<p>En octubre de 2023 esta notar\u00eda entregada a finales del sexenio anterior, ya hab\u00eda sido intervenida por la Consejer\u00eda Jur\u00eddica, pero en su momento, un Juez Federal hab\u00eda concedido una suspensi\u00f3n definitiva para que el Poder Ejecutivo no se pronunciara sobre la nulidad de la patente de notario.<\/p>\n\n\n\n<p>Sin embargo, dicha medida fue revocada el mes pasado por el Primer Tribunal Colegiado en Materia Civil y Administrativa de Oaxaca, raz\u00f3n por la que fue procedente la clausura definitiva de la Notar\u00eda n\u00famero 15.<\/p>\n\n\n\n<p>La dependencia informa a la ciudadan\u00eda que los actos jur\u00eddicos emitidos en la extinta Notar\u00eda n\u00famero 15 tienen validez, pero, si un tr\u00e1mite qued\u00f3 inconcluso le dar\u00e1n seguimiento en la Direcci\u00f3n General de Notar\u00edas y Archivo General de Notar\u00edas, ubicada en Ciudad Administrativa.<\/p>\n\n\n\n<p>De esta manera, Nassar Pi\u00f1eyro queda impedido de seguir ejerciendo funciones notariales, por lo que se pide a las y los usuarios evitar caer en posibles fraudes.<\/p>\n\n\n\n<p>Estos actos son parte del combate frontal a la corrupci\u00f3n que orden\u00f3 el Gobernador, Salom\u00f3n Jara Cruz, en espec\u00edfico, revisando los actos administrativos emitidos por el anterior sexenio.<\/p>\n","protected":false},"excerpt":{"rendered":"<p>Redacci\u00f3n\/Zona Roja. Oaxaca de Ju\u00e1rez, Oax., 1 de abril de 2025.- La Consejer\u00eda Jur\u00eddica y&hellip;<\/p>\n","protected":false},"author":2,"featured_media":78987,"comment_status":"closed","ping_status":"open","sticky":false,"template":"","format":"standard","meta":{"_lmt_disableupdate":"","_lmt_disable":"","_jetpack_memberships_contains_paid_content":false,"footnotes":""},"categories":[109,46],"tags":[3435],"class_list":["post-78986","post","type-post","status-publish","format-standard","has-post-thumbnail","hentry","category-minuto-a-minuto","category-zona-blanca","tag-consejeria-juridica-gobierno-del-estado"],"jetpack_featured_media_url":"https:\/\/zonaroja.com.mx\/wp-content\/uploads\/2025\/04\/Revocan-notaria-de-Alejandro-Nassar-Pineyro.jpg","jetpack_sharing_enabled":true,"_links":{"self":[{"href":"https:\/\/zonaroja.com.mx\/index.php?rest_route=\/wp\/v2\/posts\/78986","targetHints":{"allow":["GET"]}}],"collection":[{"href":"https:\/\/zonaroja.com.mx\/index.php?rest_route=\/wp\/v2\/posts"}],"about":[{"href":"https:\/\/zonaroja.com.mx\/index.php?rest_route=\/wp\/v2\/types\/post"}],"author":[{"embeddable":true,"href":"https:\/\/zonaroja.com.mx\/index.php?rest_route=\/wp\/v2\/users\/2"}],"replies":[{"embeddable":true,"href":"https:\/\/zonaroja.com.mx\/index.php?rest_route=%2Fwp%2Fv2%2Fcomments&post=78986"}],"version-history":[{"count":1,"href":"https:\/\/zonaroja.com.mx\/index.php?rest_route=\/wp\/v2\/posts\/78986\/revisions"}],"predecessor-version":[{"id":78988,"href":"https:\/\/zonaroja.com.mx\/index.php?rest_route=\/wp\/v2\/posts\/78986\/revisions\/78988"}],"wp:featuredmedia":[{"embeddable":true,"href":"https:\/\/zonaroja.com.mx\/index.php?rest_route=\/wp\/v2\/media\/78987"}],"wp:attachment":[{"href":"https:\/\/zonaroja.com.mx\/index.php?rest_route=%2Fwp%2Fv2%2Fmedia&parent=78986"}],"wp:term":[{"taxonomy":"category","embeddable":true,"href":"https:\/\/zonaroja.com.mx\/index.php?rest_route=%2Fwp%2Fv2%2Fcategories&post=78986"},{"taxonomy":"post_tag","embeddable":true,"href":"https:\/\/zonaroja.com.mx\/index.php?rest_route=%2Fwp%2Fv2%2Ftags&post=78986"}],"curies":[{"name":"wp","href":"https:\/\/api.w.org\/{rel}","templated":true}]}}