{"id":78989,"date":"2025-04-01T21:18:40","date_gmt":"2025-04-02T03:18:40","guid":{"rendered":"https:\/\/zonaroja.com.mx\/?p=78989"},"modified":"2025-04-01T21:18:42","modified_gmt":"2025-04-02T03:18:42","slug":"detienen-a-individuo-por-crimenes-en-coatlan-ong-dice-que-fue-ilegal","status":"publish","type":"post","link":"https:\/\/zonaroja.com.mx\/?p=78989","title":{"rendered":"Detienen a individuo por cr\u00edmenes en Coatl\u00e1n; ONG dice que fue ilegal"},"content":{"rendered":"\n<p>Ismael Garc\u00eda M.\/Zona Roja.<\/p>\n\n\n\n<p>Oaxaca de Ju\u00e1rez, Oax., a 1 de abril de 2025.- Personal de la Fiscal\u00eda General del Estado de Oaxaca detuvo a una persona de San Francisco Coatl\u00e1n, tras el asesinato de seis masculinos durante un enfrentamiento ocurrido el pasado 26 de marzo.<\/p>\n\n\n\n<p>Sin embargo, el organismo civil Centro de Derechos Humanos y Asesor\u00eda a Pueblos Indigenas (Cedhapi) acus\u00f3 que la aprehensi\u00f3n fue ilegal y arbitraria; se\u00f1al\u00f3 asimismo que un juez del Poder Judicial liber\u00f3 una orden de detenci\u00f3n contra una persona que ya hab\u00eda fallecido.<\/p>\n\n\n\n<p>En un comunicado emitido esta tarde, explic\u00f3 que el pasado 23 de marzo, habitantes de San Francisco se encontraban en el paraje \u201cEl Limar\u201d recogi\u00e9ndomelas le\u00f1a, \u00abcuando fueron atacados con armas de fuego por habitantes de San Sebasti\u00e1n Coatl\u00e1n, quienes arribaron en varios veh\u00edculos de motor y portando armas de fuego\u201d.<\/p>\n\n\n\n<p>Indic\u00f3 que resultado de ese enfrentamiento fallecieron seis personas de ambas comunidades, entre ellos el se\u00f1or Valentino Bautista V\u00e1squez,&nbsp;de San Francisco Coatl\u00e1n, quien era el conductor de un veh\u00edculo trocero que se encontraba a un lado del veh\u00edculo checando su carga.<\/p>\n\n\n\n<p>Dicha persona falleci\u00f3 en el hospital rural IMSS Bienestar de Miahuatl\u00e1n de Porfirio D\u00edaz el d\u00eda 25&nbsp;de marzo, y el Juez de Control de Miahuatl\u00e1n le libr\u00f3 la orden de aprehensi\u00f3n el 28 de marzo, a pesar de que esta persona ya hab\u00eda perdido la vida tres d\u00edas antes.<\/p>\n\n\n\n<p>Tambi\u00e9n fueron lesionados con armas de fuego y hospitalizados los se\u00f1ores&nbsp; Rigoberto Bautista Ruiz, Jos\u00e9 Gabriel Bautista Jim\u00e9nez,&nbsp; Doroteo Jim\u00e9nez y otra persona por haber sido heridos de gravedad y son originarios de la comunidad de San Francisco Coatl\u00e1n.<\/p>\n\n\n\n<p>El 25 de marzo del 2025 por la tarde, el joven Jos\u00e9 Gabriel Bautista Jim\u00e9nez \u2014hijo del se\u00f1or Valentino Bautista V\u00e1squez\u2014, quien tambi\u00e9n fue lesionado por disparos de arma de fuego, fue dado de alta de una cl\u00ednica particular en Miahuatl\u00e1n y cuando sali\u00f3 de la cl\u00ednica acompa\u00f1ado de su t\u00edo Fidel Bautista V\u00e1squez al momento de abordar una camioneta que lo conducir\u00eda a su pueblo, fue interceptado presuntamente por elementos de la Agencia Estatal de Investigaciones.<\/p>\n\n\n\n<p>Tras diversas declaraciones, fue trasladado al Instituto de Servicios Periciales, en San Bartolo Coyotepec, y posterior a ello le aplicaron una orden de aprehensi\u00f3n.<\/p>\n\n\n\n<p>\u201cCabe hacer menci\u00f3n que el joven Jos\u00e9 Gabriel Bautista Jim\u00e9nez fue detenido ilegalmente desde el d\u00eda 25 de marzo del 2025, a las ocho de la noche con diez minutos y la orden de aprehensi\u00f3n fue librada el d\u00eda 28 de marzo del 2025, por el delito de homicidio\u201d, destac\u00f3.<\/p>\n\n\n\n<p>Refiri\u00f3 que en esta \u00faltima fecha, el Juez de Control con sede en Miahuatl\u00e1n libr\u00f3 orden de aprehensi\u00f3n en contra de todos los lesionados&nbsp; de&nbsp; San Francisco Coatl\u00e1n que se encuentran hospitalizados, por el delito de homicidio.&nbsp;<\/p>\n\n\n\n<p>El Cedhapi expuso que no hubo pruebas suficientes por lo cual los familiares de Valentino y Jos\u00e9 Gabriel denunciaron la detenci\u00f3n que consideraron arbitraria y por lo cual exigieron se revise el caso.<\/p>\n\n\n\n<p>El documento lo firman Bonifacia V\u00e1squez, madre de Valentino Bautista y abuela de Jos\u00e9 Gabriel Bautista Jim\u00e9nez, as\u00ed como Maurilio Santiago Reyes, del&nbsp;<\/p>\n\n\n\n<p>Centro de Derechos humanos y Asesor\u00eda a Pueblos Ind\u00edgenas.<\/p>\n","protected":false},"excerpt":{"rendered":"<p>Ismael Garc\u00eda M.\/Zona Roja. Oaxaca de Ju\u00e1rez, Oax., a 1 de abril de 2025.- Personal&hellip;<\/p>\n","protected":false},"author":2,"featured_media":78709,"comment_status":"closed","ping_status":"open","sticky":false,"template":"","format":"standard","meta":{"_lmt_disableupdate":"","_lmt_disable":"","_jetpack_memberships_contains_paid_content":false,"footnotes":""},"categories":[109,47],"tags":[230,3486],"class_list":["post-78989","post","type-post","status-publish","format-standard","has-post-thumbnail","hentry","category-minuto-a-minuto","category-zona-gris","tag-cedhapi","tag-san-francisco-coatlan"],"jetpack_featured_media_url":"https:\/\/zonaroja.com.mx\/wp-content\/uploads\/2025\/03\/Enfrentamiento-Coatlan-San-Sebastian-y-San-Francisco.jpg","jetpack_sharing_enabled":true,"_links":{"self":[{"href":"https:\/\/zonaroja.com.mx\/index.php?rest_route=\/wp\/v2\/posts\/78989","targetHints":{"allow":["GET"]}}],"collection":[{"href":"https:\/\/zonaroja.com.mx\/index.php?rest_route=\/wp\/v2\/posts"}],"about":[{"href":"https:\/\/zonaroja.com.mx\/index.php?rest_route=\/wp\/v2\/types\/post"}],"author":[{"embeddable":true,"href":"https:\/\/zonaroja.com.mx\/index.php?rest_route=\/wp\/v2\/users\/2"}],"replies":[{"embeddable":true,"href":"https:\/\/zonaroja.com.mx\/index.php?rest_route=%2Fwp%2Fv2%2Fcomments&post=78989"}],"version-history":[{"count":1,"href":"https:\/\/zonaroja.com.mx\/index.php?rest_route=\/wp\/v2\/posts\/78989\/revisions"}],"predecessor-version":[{"id":78990,"href":"https:\/\/zonaroja.com.mx\/index.php?rest_route=\/wp\/v2\/posts\/78989\/revisions\/78990"}],"wp:featuredmedia":[{"embeddable":true,"href":"https:\/\/zonaroja.com.mx\/index.php?rest_route=\/wp\/v2\/media\/78709"}],"wp:attachment":[{"href":"https:\/\/zonaroja.com.mx\/index.php?rest_route=%2Fwp%2Fv2%2Fmedia&parent=78989"}],"wp:term":[{"taxonomy":"category","embeddable":true,"href":"https:\/\/zonaroja.com.mx\/index.php?rest_route=%2Fwp%2Fv2%2Fcategories&post=78989"},{"taxonomy":"post_tag","embeddable":true,"href":"https:\/\/zonaroja.com.mx\/index.php?rest_route=%2Fwp%2Fv2%2Ftags&post=78989"}],"curies":[{"name":"wp","href":"https:\/\/api.w.org\/{rel}","templated":true}]}}