{"id":78991,"date":"2025-04-01T22:28:00","date_gmt":"2025-04-02T04:28:00","guid":{"rendered":"https:\/\/zonaroja.com.mx\/?p=78991"},"modified":"2025-04-01T22:28:02","modified_gmt":"2025-04-02T04:28:02","slug":"exhorta-congreso-al-ine-a-ampliar-difusion-sobre-eleccion-judicial","status":"publish","type":"post","link":"https:\/\/zonaroja.com.mx\/?p=78991","title":{"rendered":"Exhorta Congreso al INE a ampliar difusi\u00f3n sobre elecci\u00f3n judicial"},"content":{"rendered":"\n<p>Redacci\u00f3n\/Zona Roja.<\/p>\n\n\n\n<p>Oaxaca de Ju\u00e1rez, Oax., a 1 de abril de 2025.- Con 30 votos a favor, el pleno de la Sexag\u00e9sima Sexta Legislatura Local aprob\u00f3 de urgente y obvia resoluci\u00f3n el Punto de Acuerdo presentado por el presidente de la Junta de Coordinaci\u00f3n Pol\u00edtica (Jucopo), diputado Benjam\u00edn Viveros Montalvo, para exhortar al Instituto Nacional Electoral (INE), para que realice la m\u00e1xima difusi\u00f3n respecto al alcance de la elecci\u00f3n extraordinaria del Poder Judicial de la Federaci\u00f3n (PJF) que se efectuar\u00e1 el pr\u00f3ximo 01 de junio del a\u00f1o en curso, con la finalidad de que la ciudadan\u00eda est\u00e9 informada y participe en esta contienda.<\/p>\n\n\n\n<p>En Sesi\u00f3n Ordinaria, Viveros Montalvo destac\u00f3 la importancia de que el INE como autoridad responsable de la organizaci\u00f3n, desarrollo y c\u00f3mputo de la elecci\u00f3n de personas juzgadoras del PJF difunda el alcance de esta contienda, la lista de cargos que se someten a elecci\u00f3n en Oaxaca, las funciones que desempe\u00f1an las y los Ministros, Magistraturas, Jueces y Juezas.<\/p>\n\n\n\n<p>As\u00ed como, los nombres y perfiles de las y los candidatos que contendr\u00e1n en el D\u00e9cimo Tercer Circuito Judicial al que pertenece el Estado y la estructura de las boletas electorales, as\u00ed como, la forma correcta de emitir el voto v\u00e1lidamente.<\/p>\n\n\n\n<p>El tambi\u00e9n Coordinador del Grupo Parlamentario de Morena, dijo que esta informaci\u00f3n es necesaria para que las y los oaxaque\u00f1os, as\u00ed como el resto de las ciudadanas y ciudadanos en el pa\u00eds, conozcan las razones por las que deben salir a votar.<\/p>\n\n\n\n<p>\u201cA trav\u00e9s de esta acci\u00f3n, podremos contribuir dentro de los l\u00edmites legales, al desarrollo de un proceso electoral informado, participativo, equitativo y transparente, a fin de que sean los mejores perfiles los que resulten vencedores en beneficio de nuestra sociedad, siempre comunicando al pueblo de M\u00e9xico\u201d, enfatiz\u00f3.<\/p>\n\n\n\n<p>Refiri\u00f3 que, aunque las campa\u00f1as de las y los candidatos comenzaron el pasado 30 de marzo y culminan el pr\u00f3ximo 28 de mayo, es fundamental ampliar la difusi\u00f3n de este proceso electoral, debido a que es la primera vez que se llevar\u00e1 a cabo, por lo que las y los votantes tendr\u00e1n en sus manos m\u00e1s de una boleta de distintos colores y con caracter\u00edsticas diferentes, lo que implica un mayor reto al momento de emitir el sufragio.<\/p>\n\n\n\n<p>Al respecto resalt\u00f3 tambi\u00e9n la importancia de la labor que desempe\u00f1a el Poder Judicial de la Federaci\u00f3n, la cual se fortaleci\u00f3 el 15 de septiembre de 2024 cuando se public\u00f3 la reforma constitucional impulsada por el expresidente de la Rep\u00fablica Mexicana, Andr\u00e9s Manuel L\u00f3pez Obrador, lo que marc\u00f3 un antes y un despu\u00e9s en la historia de la naci\u00f3n, ya que por primera vez se elegir\u00e1 mediante el voto popular los cargos para integrar el PJF.<\/p>\n\n\n\n<p>\u201cEsta elecci\u00f3n marca un momento hist\u00f3rico no solo en M\u00e9xico, sino a nivel internacional, por ello, es de suma importancia la difusi\u00f3n y participaci\u00f3n ciudadana\u201d, declar\u00f3.<\/p>\n","protected":false},"excerpt":{"rendered":"<p>Redacci\u00f3n\/Zona Roja. Oaxaca de Ju\u00e1rez, Oax., a 1 de abril de 2025.- Con 30 votos&hellip;<\/p>\n","protected":false},"author":2,"featured_media":78992,"comment_status":"closed","ping_status":"open","sticky":false,"template":"","format":"standard","meta":{"_lmt_disableupdate":"","_lmt_disable":"","_jetpack_memberships_contains_paid_content":false,"footnotes":""},"categories":[109,46],"tags":[3664,214],"class_list":["post-78991","post","type-post","status-publish","format-standard","has-post-thumbnail","hentry","category-minuto-a-minuto","category-zona-blanca","tag-benjamin-viveros-montalvo","tag-congreso-del-estado"],"jetpack_featured_media_url":"https:\/\/zonaroja.com.mx\/wp-content\/uploads\/2025\/04\/Benjamin-viveros-exhorto-al-INE.jpg","jetpack_sharing_enabled":true,"_links":{"self":[{"href":"https:\/\/zonaroja.com.mx\/index.php?rest_route=\/wp\/v2\/posts\/78991","targetHints":{"allow":["GET"]}}],"collection":[{"href":"https:\/\/zonaroja.com.mx\/index.php?rest_route=\/wp\/v2\/posts"}],"about":[{"href":"https:\/\/zonaroja.com.mx\/index.php?rest_route=\/wp\/v2\/types\/post"}],"author":[{"embeddable":true,"href":"https:\/\/zonaroja.com.mx\/index.php?rest_route=\/wp\/v2\/users\/2"}],"replies":[{"embeddable":true,"href":"https:\/\/zonaroja.com.mx\/index.php?rest_route=%2Fwp%2Fv2%2Fcomments&post=78991"}],"version-history":[{"count":1,"href":"https:\/\/zonaroja.com.mx\/index.php?rest_route=\/wp\/v2\/posts\/78991\/revisions"}],"predecessor-version":[{"id":78993,"href":"https:\/\/zonaroja.com.mx\/index.php?rest_route=\/wp\/v2\/posts\/78991\/revisions\/78993"}],"wp:featuredmedia":[{"embeddable":true,"href":"https:\/\/zonaroja.com.mx\/index.php?rest_route=\/wp\/v2\/media\/78992"}],"wp:attachment":[{"href":"https:\/\/zonaroja.com.mx\/index.php?rest_route=%2Fwp%2Fv2%2Fmedia&parent=78991"}],"wp:term":[{"taxonomy":"category","embeddable":true,"href":"https:\/\/zonaroja.com.mx\/index.php?rest_route=%2Fwp%2Fv2%2Fcategories&post=78991"},{"taxonomy":"post_tag","embeddable":true,"href":"https:\/\/zonaroja.com.mx\/index.php?rest_route=%2Fwp%2Fv2%2Ftags&post=78991"}],"curies":[{"name":"wp","href":"https:\/\/api.w.org\/{rel}","templated":true}]}}