{"id":78994,"date":"2025-04-02T07:15:00","date_gmt":"2025-04-02T13:15:00","guid":{"rendered":"https:\/\/zonaroja.com.mx\/?p=78994"},"modified":"2025-04-02T06:47:57","modified_gmt":"2025-04-02T12:47:57","slug":"anuncian-festival-de-primavera-avanza-organizacion-de-guelaguetza","status":"publish","type":"post","link":"https:\/\/zonaroja.com.mx\/?p=78994","title":{"rendered":"Anuncian Festival de Primavera; avanza organizaci\u00f3n de Guelaguetza"},"content":{"rendered":"\n<p>Redacci\u00f3n\/Zona Roja.&nbsp;<\/p>\n\n\n\n<p>Oaxaca de Ju\u00e1rez, Oax. 2 de abril de 2025.- El gobierno de Oaxaca anunci\u00f3 la reanudaci\u00f3n del Festival de Primavera \u201cRodolfo Morales\u201d, que se realizar\u00e1 del 20 al 30 de abril en la capital del estado.<\/p>\n\n\n\n<p>En el marco del 493 aniversario de la ciudad, el a trav\u00e9s del la Secretar\u00eda de las Culturas y Artes (Seculta) y el ayuntamiento capitalino, reanudar\u00e1n este evento multitudinario con actividades gratuitas que honran y enaltecen al artista pl\u00e1stico nacido en Ocotl\u00e1n de Morelos en 1925, considerado uno de los m\u00e1s relevantes en la entidad de los \u00faltimos a\u00f1os.<\/p>\n\n\n\n<p>\u201cVamos a recuperar el Festival de la Primavera, hace a\u00f1os que no se llevaba a cabo, por eso lo importante es volver a promocionarlo, tenemos que darle toda la fuerza y fortaleza\u201d, refiri\u00f3 el mandatario estatal en conferencia de prensa.<\/p>\n\n\n\n<p>De igual manera, Jara Cruz destac\u00f3 que este a\u00f1o se contar\u00e1 con la participaci\u00f3n de las agrupaciones musicales: \u201c\u00c1ngeles Azules\u201d y \u201cMolotov\u201d, que se presentar\u00e1n el viernes 25 y lunes 28 de abril, respectivamente; ambas con reconocimiento nacional e internacional, con el objetivo de que esta presencia atraiga al turismo a la ciudad.&nbsp;<\/p>\n\n\n\n<p>EVENTO \u00daNICO<\/p>\n\n\n\n<p>En su intervenci\u00f3n, el titular de la Seculta, Flavio Sosa Villavicencio inform\u00f3 que el Festival Primavera Rodolfo Morales ser\u00e1 un evento \u00fanico, que contar\u00e1 con homenajes, exposiciones, conciertos y dem\u00e1s actividades en museos, parques y espacios p\u00fablicos.<\/p>\n\n\n\n<p>\u201cMorales es un artista que so\u00f1\u00f3 a Oaxaca de modo fant\u00e1stico en sus cuadros y dibujos, donde nuestra tierra parece un espacio de ensue\u00f1o con hombres y mujeres que viven en el cielo, nubes y verdes campos; donde se siembra la esperanza. Dej\u00f3 una huella indeleble en el arte mexicano\u201d, agreg\u00f3.<\/p>\n\n\n\n<p>El Festival permitir\u00e1 un encuentro con las ra\u00edces e identidad a partir de tres ejes tem\u00e1ticos: Oaxaca vecinal, Oaxaca tradicional y Oaxaca hist\u00f3rico, en donde ni\u00f1as y ni\u00f1os plasmar\u00e1n su imaginaci\u00f3n a trav\u00e9s de la pintura, impresi\u00f3n y cer\u00e1mica.<\/p>\n\n\n\n<p>En el \u00e1mbito musical, los conciertos de la Banda Filarm\u00f3nica de Santo Tomas Jalieza, la Banda Infantil de Pueblo Nuevo y la Orquesta Primavera de Oaxaca, evocar\u00e1n los sonidos de la tierra oaxaque\u00f1a.<\/p>\n\n\n\n<p>CONSEJEROS INTERCULTURALES<\/p>\n\n\n\n<p>Por otra parte, el gobierno de Oaxaca a trav\u00e9s de la Secretar\u00eda de las Culturas y Artes (Seculta), present\u00f3 a las 72 consejeras y consejeros interculturales que llevar\u00e1n a cabo el proceso de selecci\u00f3n de las delegaciones que participar\u00e1n en el Lunes del Cerro y su Octava de la Guelaguetza 2025.<\/p>\n\n\n\n<p>En conferencia de prensa, el titular de la Seculta, Flavio Sosa Villavicencio detall\u00f3 que estas personas conformar\u00e1n 24 Consejos Interculturales, y evaluar\u00e1n, del 4 al 27 de abril, a alrededor de 90 grupos de las ocho regiones del estado, que se inscribieron antes del cierre de la convocatoria, el pasado 17 de marzo.<\/p>\n\n\n\n<p>Estas visitas se llevar\u00e1n a cabo durante 3 fines de semana en este mes: del 4 al 6 de abril; el 11 y 12 conforman el segundo periodo; y del 25 al 27 ser\u00e1 la \u00faltima fecha.<\/p>\n\n\n\n<p>En la valoraci\u00f3n que realice el Consejo Intercultural, deber\u00e1n estar presentes: la autoridad municipal o autoridad designada, Comisi\u00f3n Cultural Comunitaria, directora o director art\u00edstico, la o el representante de la delegaci\u00f3n y el representante de la Seculta; con el objetivo de atestiguar y verificar la propuesta esc\u00e9nica, misma que no debe exceder los 12 minutos.<\/p>\n\n\n\n<p>Los resultados de las evaluaciones ser\u00e1n entregados el 5 de mayo al Comit\u00e9 Organizador de la Guelaguetza, una vez concluidas las visitas de evaluaci\u00f3n y de haber analizado la presentaci\u00f3n y monograf\u00eda respecto a la relevancia de su manifestaci\u00f3n cultural, contexto hist\u00f3rico y social del cuadro art\u00edstico.<\/p>\n\n\n\n<p>Cabe mencionar que las y los consejeros interculturales son originarios de diversas regiones y culturas locales, por lo que poseen conocimientos y experiencia necesaria para realizar una evaluaci\u00f3n objetiva, fundada y justa de las representaciones.<\/p>\n\n\n\n<p>Su labor se centrar\u00e1 en valorar el enorme patrimonio cultural de las comunidades, expresi\u00f3n sagrada de los rituales y ceremonias que otorgan identidad a las festividades comunitarias de las 16 culturas de Oaxaca.&nbsp;<\/p>\n\n\n\n<p>Con estas acciones, el Gobierno del Estado a trav\u00e9s de la Seculta reconoce el esp\u00edritu ancestral de los pueblos, al dar promoci\u00f3n de sus danzas, m\u00fasica, lenguas originarias y gastronom\u00eda, que simbolizan lo m\u00e1s profundo de la entidad.<\/p>\n","protected":false},"excerpt":{"rendered":"<p>Redacci\u00f3n\/Zona Roja.&nbsp; Oaxaca de Ju\u00e1rez, Oax. 2 de abril de 2025.- El gobierno de Oaxaca&hellip;<\/p>\n","protected":false},"author":2,"featured_media":78995,"comment_status":"closed","ping_status":"open","sticky":false,"template":"","format":"standard","meta":{"_lmt_disableupdate":"","_lmt_disable":"","_jetpack_memberships_contains_paid_content":false,"footnotes":""},"categories":[109,46],"tags":[939],"class_list":["post-78994","post","type-post","status-publish","format-standard","has-post-thumbnail","hentry","category-minuto-a-minuto","category-zona-blanca","tag-salomon-jara-cruz"],"jetpack_featured_media_url":"https:\/\/zonaroja.com.mx\/wp-content\/uploads\/2025\/04\/Festival-de-Primavera-Oaxaca.png.avif","jetpack_sharing_enabled":true,"_links":{"self":[{"href":"https:\/\/zonaroja.com.mx\/index.php?rest_route=\/wp\/v2\/posts\/78994","targetHints":{"allow":["GET"]}}],"collection":[{"href":"https:\/\/zonaroja.com.mx\/index.php?rest_route=\/wp\/v2\/posts"}],"about":[{"href":"https:\/\/zonaroja.com.mx\/index.php?rest_route=\/wp\/v2\/types\/post"}],"author":[{"embeddable":true,"href":"https:\/\/zonaroja.com.mx\/index.php?rest_route=\/wp\/v2\/users\/2"}],"replies":[{"embeddable":true,"href":"https:\/\/zonaroja.com.mx\/index.php?rest_route=%2Fwp%2Fv2%2Fcomments&post=78994"}],"version-history":[{"count":1,"href":"https:\/\/zonaroja.com.mx\/index.php?rest_route=\/wp\/v2\/posts\/78994\/revisions"}],"predecessor-version":[{"id":78996,"href":"https:\/\/zonaroja.com.mx\/index.php?rest_route=\/wp\/v2\/posts\/78994\/revisions\/78996"}],"wp:featuredmedia":[{"embeddable":true,"href":"https:\/\/zonaroja.com.mx\/index.php?rest_route=\/wp\/v2\/media\/78995"}],"wp:attachment":[{"href":"https:\/\/zonaroja.com.mx\/index.php?rest_route=%2Fwp%2Fv2%2Fmedia&parent=78994"}],"wp:term":[{"taxonomy":"category","embeddable":true,"href":"https:\/\/zonaroja.com.mx\/index.php?rest_route=%2Fwp%2Fv2%2Fcategories&post=78994"},{"taxonomy":"post_tag","embeddable":true,"href":"https:\/\/zonaroja.com.mx\/index.php?rest_route=%2Fwp%2Fv2%2Ftags&post=78994"}],"curies":[{"name":"wp","href":"https:\/\/api.w.org\/{rel}","templated":true}]}}