{"id":78997,"date":"2025-04-02T08:15:00","date_gmt":"2025-04-02T14:15:00","guid":{"rendered":"https:\/\/zonaroja.com.mx\/?p=78997"},"modified":"2025-04-02T06:56:11","modified_gmt":"2025-04-02T12:56:11","slug":"asesinan-a-mujer-en-jamiltepec-matan-a-individuo-en-bahias-de-huatulco","status":"publish","type":"post","link":"https:\/\/zonaroja.com.mx\/?p=78997","title":{"rendered":"Asesinan a mujer en Jamiltepec; matan a individuo en Bah\u00edas de Huatulco"},"content":{"rendered":"\n<p>Raymundo Morales\/Zona Roja.<\/p>\n\n\n\n<p>Oaxaca de Ju\u00e1rez, Oax., a 2 de abril de 2025.- El cuerpo de una mujer sin vida y con huellas de violencia, fue localizado este martes en Santiago Jamiltepec, municipio de la regi\u00f3n Costa de Oaxaca.<\/p>\n\n\n\n<p>La v\u00edctima se hallaba en un camino de terracer\u00eda cerca del basurero municipal y presentaba huellas de golpes en varias partes del cuerpo y en el rostro.<\/p>\n\n\n\n<p>De manera preliminar se inform\u00f3 que se trata de Cristina R., vecina de la colonia Miramar de Jamiltepec y hasta el momento se desconoce oficialmente las causas de la muerte.&nbsp;<\/p>\n\n\n\n<p>Personal de la Vicefiscal\u00eda Regional de la Costa, de la Fiscal\u00eda General del Estado de Oaxaca, indaga el caso bajo perspectivas de g\u00e9nero.<\/p>\n\n\n\n<p>Por otra parte, anoche en Santa Cruz Huatulco fue asesinado un individuo con arma blanca.<\/p>\n\n\n\n<p>Fue a las afueras de un centro comercial en que fue atacada la v\u00edctima, a\u00fan no identificada, por motivos que a\u00fan se desconocen.&nbsp;<\/p>\n\n\n\n<p>Por su parte, la Secretar\u00eda de Seguridad y Protecci\u00f3n Ciudadana (SSPC) inform\u00f3 que, tras los hechos ocurridos anoche a las afueras de un restaurante de pizzas en Santa Mar\u00eda Huatulco, se logr\u00f3 la detenci\u00f3n de un hombre se\u00f1alado como el presunto responsable.<\/p>\n\n\n\n<p>Detall\u00f3 que trabaja de forma coordinada con la Fiscal\u00eda General del Estado de Oaxaca (FGEO) para que este suceso no quede impune. Asimismo, refrenda el compromiso de velar para mantener el orden y la paz, en favor de la ciudadan\u00eda.<\/p>\n\n\n\n<p>\u201cNo se permitir\u00e1n ni se tolerar\u00e1n acciones que pongan en riesgo la tranquilidad e integridad de la poblaci\u00f3n\u201d, expuso en su comunicado.<\/p>\n","protected":false},"excerpt":{"rendered":"<p>Raymundo Morales\/Zona Roja. Oaxaca de Ju\u00e1rez, Oax., a 2 de abril de 2025.- El cuerpo&hellip;<\/p>\n","protected":false},"author":2,"featured_media":78998,"comment_status":"closed","ping_status":"open","sticky":false,"template":"","format":"standard","meta":{"_lmt_disableupdate":"","_lmt_disable":"","_jetpack_memberships_contains_paid_content":false,"footnotes":""},"categories":[109,51],"tags":[1336,797],"class_list":["post-78997","post","type-post","status-publish","format-standard","has-post-thumbnail","hentry","category-minuto-a-minuto","category-zona-roja","tag-bahias-de-huatulco","tag-santiago-jamiltepec"],"jetpack_featured_media_url":"https:\/\/zonaroja.com.mx\/wp-content\/uploads\/2025\/04\/Asesinado-bahias-de-huatulco.jpeg","jetpack_sharing_enabled":true,"_links":{"self":[{"href":"https:\/\/zonaroja.com.mx\/index.php?rest_route=\/wp\/v2\/posts\/78997","targetHints":{"allow":["GET"]}}],"collection":[{"href":"https:\/\/zonaroja.com.mx\/index.php?rest_route=\/wp\/v2\/posts"}],"about":[{"href":"https:\/\/zonaroja.com.mx\/index.php?rest_route=\/wp\/v2\/types\/post"}],"author":[{"embeddable":true,"href":"https:\/\/zonaroja.com.mx\/index.php?rest_route=\/wp\/v2\/users\/2"}],"replies":[{"embeddable":true,"href":"https:\/\/zonaroja.com.mx\/index.php?rest_route=%2Fwp%2Fv2%2Fcomments&post=78997"}],"version-history":[{"count":1,"href":"https:\/\/zonaroja.com.mx\/index.php?rest_route=\/wp\/v2\/posts\/78997\/revisions"}],"predecessor-version":[{"id":78999,"href":"https:\/\/zonaroja.com.mx\/index.php?rest_route=\/wp\/v2\/posts\/78997\/revisions\/78999"}],"wp:featuredmedia":[{"embeddable":true,"href":"https:\/\/zonaroja.com.mx\/index.php?rest_route=\/wp\/v2\/media\/78998"}],"wp:attachment":[{"href":"https:\/\/zonaroja.com.mx\/index.php?rest_route=%2Fwp%2Fv2%2Fmedia&parent=78997"}],"wp:term":[{"taxonomy":"category","embeddable":true,"href":"https:\/\/zonaroja.com.mx\/index.php?rest_route=%2Fwp%2Fv2%2Fcategories&post=78997"},{"taxonomy":"post_tag","embeddable":true,"href":"https:\/\/zonaroja.com.mx\/index.php?rest_route=%2Fwp%2Fv2%2Ftags&post=78997"}],"curies":[{"name":"wp","href":"https:\/\/api.w.org\/{rel}","templated":true}]}}