{"id":7900,"date":"2020-01-21T18:00:53","date_gmt":"2020-01-22T00:00:53","guid":{"rendered":"http:\/\/www.zonaroja.com.mx\/?p=7900"},"modified":"2020-01-21T18:24:22","modified_gmt":"2020-01-22T00:24:22","slug":"ejecutan-a-dos-en-la-cuenca-van-9-asesinatos-en-menos-de-24-horas","status":"publish","type":"post","link":"https:\/\/zonaroja.com.mx\/?p=7900","title":{"rendered":"Ejecutan a dos en la Cuenca; van 9 asesinatos en menos de 24 horas"},"content":{"rendered":"\n<p>Redacci\u00f3n\/Zona Roja.<\/p>\n\n\n\n<p>Oaxaca de Ju\u00e1rez, Oax., 21 de enero de\n2020.- Los asesinatos de personas contin\u00faan en diversas zonas de la entidad y\nen menos de 48 horas, acumulan nueve casos.<\/p>\n\n\n\n<p>Este martes, en la regi\u00f3n de la Cuenca del\nPapaloapan fueron ejecutados dos individuos m\u00e1s, entre ellos un funcionario\nmunicipal.<\/p>\n\n\n\n<p>En el municipio de San Felipe Jalapa de\nD\u00edaz, en la Cuenca, se registr\u00f3 la tarde de este martes el asesinato con arma\nde fuego de un trabajador del ayuntamiento, seg\u00fan datos de las corporaciones\npoliciacas que arribaron al lugar.<\/p>\n\n\n\n<p>El hecho ocurri\u00f3 aproximadamente a las\n14:00 horas sobre la carretera federal 182 que conecta a Jalapa con el\nmunicipio de Huautla de Jim\u00e9nez. <\/p>\n\n\n\n<p>El occiso fue reconocido como Ismael L.\nU. de 36 a\u00f1os de edad, quien se desempe\u00f1aba como gu\u00eda de turismo y limpieza en\nel gobierno municipal.<\/p>\n\n\n\n<p>Con este asesinato suman tres los\nfuncionarios municipales de Jalapa de D\u00edaz que pierden la vida de manera\nviolenta. Apenas el pasado 23 de diciembre en un mismo hecho ultimaron al\npresidente municipal Arturo Garc\u00eda y al S\u00edndico Javier Terrero.<\/p>\n\n\n\n<p>IGUAL TUXTEPEC<\/p>\n\n\n\n<p>En otro hecho, en el municipio de San\nJuan Bautista Tuxtepec se registr\u00f3 el asesinato con arma de fuego de un\nciudadano en la colonia El Bosque, en la periferia de la ciudad.<\/p>\n\n\n\n<p>El evento violento ocurri\u00f3 cerca de las 13:00 de este martes cuando la v\u00edctima caminaba sobre una de las calles empedradas de esa colonia, indic\u00f3 el informe policial. <\/p>\n\n\n\n<p>TAMBI\u00c9N COSTA<\/p>\n\n\n\n<p>A la ola de ejecuciones se suma el\nataque armado con un joven en el municipio de Santiago Pinotepa Nacional en la\nregi\u00f3n Costa.<\/p>\n\n\n\n<p>El asesinato ocurri\u00f3 la noche de este\nlunes, cerca de las 19:20 horas, en la v\u00eda p\u00fablica de la colonia Arboledas. La\nv\u00edctima fue identificada como Jonathan J. C. H. de 18 a\u00f1os de edad.<\/p>\n\n\n\n<p>Adem\u00e1s de los tres casos citados, este\nlunes se registraron seis homicidios, uno en Ciudad Ixtepec, tres en Temascal y\ndos en Silacayo\u00e1pam.<\/p>\n","protected":false},"excerpt":{"rendered":"<p>Redacci\u00f3n\/Zona Roja. Oaxaca de Ju\u00e1rez, Oax., 21 de enero de 2020.- Los asesinatos de personas&hellip;<\/p>\n","protected":false},"author":2,"featured_media":7901,"comment_status":"closed","ping_status":"open","sticky":false,"template":"","format":"standard","meta":{"_lmt_disableupdate":"","_lmt_disable":"","_jetpack_memberships_contains_paid_content":false,"footnotes":""},"categories":[109,51],"tags":[580,118],"class_list":["post-7900","post","type-post","status-publish","format-standard","has-post-thumbnail","hentry","category-minuto-a-minuto","category-zona-roja","tag-san-felipe-jalapa-de-diaz","tag-san-juan-bautista-tuxtepec"],"jetpack_featured_media_url":"https:\/\/zonaroja.com.mx\/wp-content\/uploads\/2020\/01\/Ejecutado-Tuxtepec-21ene.jpg","jetpack_sharing_enabled":true,"_links":{"self":[{"href":"https:\/\/zonaroja.com.mx\/index.php?rest_route=\/wp\/v2\/posts\/7900","targetHints":{"allow":["GET"]}}],"collection":[{"href":"https:\/\/zonaroja.com.mx\/index.php?rest_route=\/wp\/v2\/posts"}],"about":[{"href":"https:\/\/zonaroja.com.mx\/index.php?rest_route=\/wp\/v2\/types\/post"}],"author":[{"embeddable":true,"href":"https:\/\/zonaroja.com.mx\/index.php?rest_route=\/wp\/v2\/users\/2"}],"replies":[{"embeddable":true,"href":"https:\/\/zonaroja.com.mx\/index.php?rest_route=%2Fwp%2Fv2%2Fcomments&post=7900"}],"version-history":[{"count":2,"href":"https:\/\/zonaroja.com.mx\/index.php?rest_route=\/wp\/v2\/posts\/7900\/revisions"}],"predecessor-version":[{"id":7904,"href":"https:\/\/zonaroja.com.mx\/index.php?rest_route=\/wp\/v2\/posts\/7900\/revisions\/7904"}],"wp:featuredmedia":[{"embeddable":true,"href":"https:\/\/zonaroja.com.mx\/index.php?rest_route=\/wp\/v2\/media\/7901"}],"wp:attachment":[{"href":"https:\/\/zonaroja.com.mx\/index.php?rest_route=%2Fwp%2Fv2%2Fmedia&parent=7900"}],"wp:term":[{"taxonomy":"category","embeddable":true,"href":"https:\/\/zonaroja.com.mx\/index.php?rest_route=%2Fwp%2Fv2%2Fcategories&post=7900"},{"taxonomy":"post_tag","embeddable":true,"href":"https:\/\/zonaroja.com.mx\/index.php?rest_route=%2Fwp%2Fv2%2Ftags&post=7900"}],"curies":[{"name":"wp","href":"https:\/\/api.w.org\/{rel}","templated":true}]}}