{"id":79000,"date":"2025-04-02T08:59:00","date_gmt":"2025-04-02T14:59:00","guid":{"rendered":"https:\/\/zonaroja.com.mx\/?p=79000"},"modified":"2025-04-02T07:02:13","modified_gmt":"2025-04-02T13:02:13","slug":"morena-niega-solicitud-de-afiliacion-a-miguel-angel-yunes","status":"publish","type":"post","link":"https:\/\/zonaroja.com.mx\/?p=79000","title":{"rendered":"Morena niega solicitud de afiliaci\u00f3n a Miguel \u00c1ngel Yunes"},"content":{"rendered":"\n<p>Redacci\u00f3n\/Zona Roja Cdmx.<\/p>\n\n\n\n<p>Ciudad de M\u00e9xico, a 2 de abril de 2025.- Tras semanas de pol\u00e9mica al interior del Movimiento de Regeneraci\u00f3n Nacional (Morena), la Comisi\u00f3n Nacional de Honestidad y Justicia del partido neg\u00f3 la solicitud de afiliaci\u00f3n al senador Miguel \u00c1ngel Yunes M\u00e1rquez por no cumplir con dos art\u00edculos de los Estatutos. La noticia fue confirmada por la presidenta nacional del instituto pol\u00edtico, Luisa Mar\u00eda Alcalde Luj\u00e1n.<\/p>\n\n\n\n<p>En las cuentas verificadas de la red social X, antes Twitter, tanto de la Comisi\u00f3n Nacional de Honestidad y Justicia (CNHJ) como de Luisa Mar\u00eda Alcalde, se dio a conocer un documento con la resoluci\u00f3n del organismo interno. Seg\u00fan el informe, el senador no cumpli\u00f3 con lo establecido en el art\u00edculo 4 y 6 de los Estatutos de Morena.<\/p>\n\n\n\n<p>\u201cLa CNHJ resolvi\u00f3 no admitir la solicitud de afiliaci\u00f3n de Miguel \u00c1ngel Yunes M\u00e1rquez por ser incompatible con los art\u00edculos 4 y 6 de los Estatutos de Morena, que establecen que no podr\u00e1n ser admitidos las y los militantes de otros partidos pol\u00edticos\u201d se lee en el primer p\u00e1rrafo del comunicado oficial.<\/p>\n\n\n\n<p>Seg\u00fan la resoluci\u00f3n, la CNHJ determin\u00f3 que el exalcalde de Boca del R\u00edo, en el estado de Veracruz, mantiene una militancia activa con el Partido Acci\u00f3n Nacional (PAN), instituto pol\u00edtico con el cual lleg\u00f3 al Senado de la Rep\u00fablica para la LXVI Legislatura. As\u00ed lo indican los registros del Instituto Nacional Electoral (INE).<\/p>\n\n\n\n<p>De igual manera, hicieron referencia a las propias declaraciones de Miguel \u00c1ngel Yunes M\u00e1rquez, quien dio a conocer su indignaci\u00f3n cuando el PAN difundi\u00f3 la noticia sobre su expulsi\u00f3n de las filas del instituto. Incluso, expres\u00f3 su deseo para interponer un medio de impugnaci\u00f3n ante dicha decisi\u00f3n.<\/p>\n\n\n\n<p>Cabe recordar que, tras la credencializaci\u00f3n de Miguel \u00c1ngel Yunes M\u00e1rquez, diversos actores pol\u00edticos de Morena, principalmente en el estado de Veracruz, solicitaron la revisi\u00f3n de su proceso de afiliaci\u00f3n. Incluso, la gobernadora Roc\u00edo Nahle solicit\u00f3 al partido la cancelaci\u00f3n del registro del pol\u00edtico veracruzano.<\/p>\n\n\n\n<p>SOLICITA CANCELACI\u00d3N<\/p>\n\n\n\n<p>Horas antes de que la Comisi\u00f3n Nacional de Honestidad y Justicia (CNHJ) difundiera la resoluci\u00f3n, el senador retir\u00f3 su solicitud de afiliaci\u00f3n al partido. En un oficio entregado en el Comit\u00e9 Ejecutivo Nacional (CEN) de Morena, Yunes M\u00e1rquez comunic\u00f3 que busc\u00f3 :<\/p>\n\n\n\n<p>\u201cContribuir a la unidad de voces y voluntades necesarias para llevar a cabo los altos objetivos delineados por el gobierno de la Rep\u00fablica, del cual las y los senadores formamos parte como integrantes del Poder Legislativo\u201d.<\/p>\n\n\n\n<p>A pesar de ello, se mantendr\u00e1 en el grupo parlamentario de Morena en el Senado de la Rep\u00fablica para apoyar las acciones de la presidenta Claudia Sheinbaum Pardo.<\/p>\n\n\n\n<p>(Informaci\u00f3n de Infobae M\u00e9xico)<\/p>\n","protected":false},"excerpt":{"rendered":"<p>Redacci\u00f3n\/Zona Roja Cdmx. Ciudad de M\u00e9xico, a 2 de abril de 2025.- Tras semanas de&hellip;<\/p>\n","protected":false},"author":2,"featured_media":79001,"comment_status":"closed","ping_status":"open","sticky":false,"template":"","format":"standard","meta":{"_lmt_disableupdate":"","_lmt_disable":"","_jetpack_memberships_contains_paid_content":false,"footnotes":""},"categories":[109,46],"tags":[4268],"class_list":["post-79000","post","type-post","status-publish","format-standard","has-post-thumbnail","hentry","category-minuto-a-minuto","category-zona-blanca","tag-miguel-angel-yunes-marquez"],"jetpack_featured_media_url":"https:\/\/zonaroja.com.mx\/wp-content\/uploads\/2025\/04\/Miguel-Angel-Nunez-Marquez-y-Morena-.jpg","jetpack_sharing_enabled":true,"_links":{"self":[{"href":"https:\/\/zonaroja.com.mx\/index.php?rest_route=\/wp\/v2\/posts\/79000","targetHints":{"allow":["GET"]}}],"collection":[{"href":"https:\/\/zonaroja.com.mx\/index.php?rest_route=\/wp\/v2\/posts"}],"about":[{"href":"https:\/\/zonaroja.com.mx\/index.php?rest_route=\/wp\/v2\/types\/post"}],"author":[{"embeddable":true,"href":"https:\/\/zonaroja.com.mx\/index.php?rest_route=\/wp\/v2\/users\/2"}],"replies":[{"embeddable":true,"href":"https:\/\/zonaroja.com.mx\/index.php?rest_route=%2Fwp%2Fv2%2Fcomments&post=79000"}],"version-history":[{"count":1,"href":"https:\/\/zonaroja.com.mx\/index.php?rest_route=\/wp\/v2\/posts\/79000\/revisions"}],"predecessor-version":[{"id":79002,"href":"https:\/\/zonaroja.com.mx\/index.php?rest_route=\/wp\/v2\/posts\/79000\/revisions\/79002"}],"wp:featuredmedia":[{"embeddable":true,"href":"https:\/\/zonaroja.com.mx\/index.php?rest_route=\/wp\/v2\/media\/79001"}],"wp:attachment":[{"href":"https:\/\/zonaroja.com.mx\/index.php?rest_route=%2Fwp%2Fv2%2Fmedia&parent=79000"}],"wp:term":[{"taxonomy":"category","embeddable":true,"href":"https:\/\/zonaroja.com.mx\/index.php?rest_route=%2Fwp%2Fv2%2Fcategories&post=79000"},{"taxonomy":"post_tag","embeddable":true,"href":"https:\/\/zonaroja.com.mx\/index.php?rest_route=%2Fwp%2Fv2%2Ftags&post=79000"}],"curies":[{"name":"wp","href":"https:\/\/api.w.org\/{rel}","templated":true}]}}