{"id":79003,"date":"2025-04-02T10:30:00","date_gmt":"2025-04-02T16:30:00","guid":{"rendered":"https:\/\/zonaroja.com.mx\/?p=79003"},"modified":"2025-04-02T07:04:38","modified_gmt":"2025-04-02T13:04:38","slug":"opinion-en-teuchitlan-nada-deberia-ser-normal","status":"publish","type":"post","link":"https:\/\/zonaroja.com.mx\/?p=79003","title":{"rendered":"Opini\u00f3n. En Teuchitl\u00e1n nada deber\u00eda ser \u2018normal\u2019"},"content":{"rendered":"\n<p>Adri\u00e1n Ortiz Romero Cuevas*<\/p>\n\n\n\n<p>Hemos llegado a tal nivel de normalizaci\u00f3n de la violencia y el quebranto a la ley, que pareciera que una parte de la sociedad mexicana se siente \u201caliviada\u201d porque la versi\u00f3n gubernamental dice que el rancho \u201cIzaguirre\u201d, en Teuchitl\u00e1n Jalisco, no era un campo de exterminio sino \u201cs\u00f3lo\u201d de entrenamiento para el crimen organizado.&nbsp;<\/p>\n\n\n\n<p>En cualquier otra sociedad, e incluso en cualquier otro pa\u00eds, esa sola \u00faltima afirmaci\u00f3n tendr\u00eda que estremecer a propios y extra\u00f1os. Alrededor de ese predio, y en cualquier cosa que ah\u00ed haya o no ocurrido, el com\u00fan denominador es la ilegalidad, la criminalidad y la ausencia de cualquier garant\u00eda de legalidad y de Estado de Derecho.&nbsp;<\/p>\n\n\n\n<p>En efecto, hace algunas semanas diversos colectivos de personas buscadoras de desaparecidos denunciaron que en dicho lugar hab\u00eda centros crematorios, restos humanos, prendas y objetos personales de cientos de personas sobre las que no se conoce su paradero. La inferencia llev\u00f3 a pensar en los centros de exterminio o en los campos de concentraci\u00f3n que hubo durante el holocausto, y otros conflictos armados en los que se cometieron delitos de lesa humanidad. A lo largo de las semanas, la autoridad ha intentado moderar las versiones asegurando que no existen tales sitios, y que dicho predio era utilizado s\u00f3lo como un campo de entrenamiento para criminales. En cualquier otra sociedad habr\u00eda que responderse algunos cuestionamientos que aqu\u00ed podr\u00edan parecer \u2014parad\u00f3jicamente\u2014 preguntas ret\u00f3ricas. Veamos.&nbsp;<\/p>\n\n\n\n<p>1. La posesi\u00f3n del llamado rancho \u201cIzaguirre\u201d. Versiones se\u00f1alan que dicho predio les fue materialmente despojado a sus propietarios originales, a los que integrantes del crimen organizado, los orillaron mediante amenazas y violencia, a abandonar la posesi\u00f3n del mismo. De todo esto, seguramente, tuvieron en alg\u00fan momento conocimiento las autoridades de los tres \u00f3rdenes de gobierno. Y el resultado fue el mismo: nadie impidi\u00f3 que, a la mala, los due\u00f1os del inmueble fueran despojados de \u00e9l.&nbsp;<\/p>\n\n\n\n<p>2. El paradero de los supuestos \u201cadiestrados\u201d. Incre\u00edblemente, a pocos d\u00edas de revelada la informaci\u00f3n por las personas buscadoras que denunciaron la presunta existencia del campo de exterminio, a trav\u00e9s de un video un grupo criminal neg\u00f3 la veracidad de las afirmaciones y, b\u00e1sicamente, se pleg\u00f3 a la misma narrativa oficial. \u00bfCu\u00e1l es la realidad? Que hasta el momento existen algunos testimonios que sostienen los horrores que ah\u00ed ocurr\u00edan. Pero no ha habido una sola voz que asegure lo contrario, y que reafirme al menos con una narrativa coherente, que ah\u00ed los reclutados eran entrenados para labores criminales, pero sin agredirlos.&nbsp;<\/p>\n\n\n\n<p>3.&nbsp;Que no sea un campo de exterminio, no alivia la realidad. \u00bfDebemos entonces estar tranquilos con la versi\u00f3n oficial? Pareciera que s\u00ed, pero ello tambi\u00e9n resulta insostenible. En un verdadero estado constitucional de derecho no tendr\u00eda por qu\u00e9 haber ni centros de extermino, ni ranchos de entrenamiento de criminales. En un estado de legalidad real, ninguna autoridad podr\u00eda sostenerse ante tal complicidad, ante su incapacidad por mantener el orden, o por su abierta omisi\u00f3n de decirse autoridad sin saber qu\u00e9 pasa en su municipio, entidad federativa o naci\u00f3n. Y a\u00fan as\u00ed, sorprendentemente todos siguen en sus respectivos cargos, y sigue pareciendo un alivio lo del campo de entrenamiento, que no lo era de exterminio.&nbsp;<\/p>\n\n\n\n<p>4. C\u00f3mplices involuntarios. El Estado est\u00e1 decidido a impedir, hasta donde le sea posible, que se consolide la versi\u00f3n del exterminio. Neg\u00e1ndola, involuntariamente se pone una vez m\u00e1s del lado equivocado, igual que como cuando intentaron ocultar la realidad de los 43 normalistas de Ayotzinapa. M\u00e1s bien, deber\u00edan abrir y ampliar la investigaci\u00f3n al m\u00e1ximo posible. Ello corresponder\u00eda a una visi\u00f3n responsable, de Estado, que fuera capaz de reconocer los hechos, repararlos integralmente, y tomar medidas para evitar su repetici\u00f3n. No hacerlo los ubica, as\u00ed sea accidentalmente, del lado equivocado frente al largo e intrincado juicio de la historia.&nbsp;<\/p>\n\n\n\n<p>*Abogado y periodista.<\/p>\n\n\n\n<p>@ortizromeroc<\/p>\n\n\n\n<p>@columnaalmargen<\/p>\n\n\n\n<p>Nos leemos en: hhtp:\/\/columnaalmargen.mx<\/p>\n","protected":false},"excerpt":{"rendered":"<p>Adri\u00e1n Ortiz Romero Cuevas* Hemos llegado a tal nivel de normalizaci\u00f3n de la violencia y&hellip;<\/p>\n","protected":false},"author":2,"featured_media":67896,"comment_status":"closed","ping_status":"open","sticky":false,"template":"","format":"standard","meta":{"_lmt_disableupdate":"","_lmt_disable":"","_jetpack_memberships_contains_paid_content":false,"footnotes":""},"categories":[456,109],"tags":[2994],"class_list":["post-79003","post","type-post","status-publish","format-standard","has-post-thumbnail","hentry","category-columna","category-minuto-a-minuto","tag-adrian-ortiz-romero-cuevas"],"jetpack_featured_media_url":"https:\/\/zonaroja.com.mx\/wp-content\/uploads\/2024\/05\/Opinion-Adrian-Ortiz-Romero-Zona-Roja.jpeg","jetpack_sharing_enabled":true,"_links":{"self":[{"href":"https:\/\/zonaroja.com.mx\/index.php?rest_route=\/wp\/v2\/posts\/79003","targetHints":{"allow":["GET"]}}],"collection":[{"href":"https:\/\/zonaroja.com.mx\/index.php?rest_route=\/wp\/v2\/posts"}],"about":[{"href":"https:\/\/zonaroja.com.mx\/index.php?rest_route=\/wp\/v2\/types\/post"}],"author":[{"embeddable":true,"href":"https:\/\/zonaroja.com.mx\/index.php?rest_route=\/wp\/v2\/users\/2"}],"replies":[{"embeddable":true,"href":"https:\/\/zonaroja.com.mx\/index.php?rest_route=%2Fwp%2Fv2%2Fcomments&post=79003"}],"version-history":[{"count":1,"href":"https:\/\/zonaroja.com.mx\/index.php?rest_route=\/wp\/v2\/posts\/79003\/revisions"}],"predecessor-version":[{"id":79004,"href":"https:\/\/zonaroja.com.mx\/index.php?rest_route=\/wp\/v2\/posts\/79003\/revisions\/79004"}],"wp:featuredmedia":[{"embeddable":true,"href":"https:\/\/zonaroja.com.mx\/index.php?rest_route=\/wp\/v2\/media\/67896"}],"wp:attachment":[{"href":"https:\/\/zonaroja.com.mx\/index.php?rest_route=%2Fwp%2Fv2%2Fmedia&parent=79003"}],"wp:term":[{"taxonomy":"category","embeddable":true,"href":"https:\/\/zonaroja.com.mx\/index.php?rest_route=%2Fwp%2Fv2%2Fcategories&post=79003"},{"taxonomy":"post_tag","embeddable":true,"href":"https:\/\/zonaroja.com.mx\/index.php?rest_route=%2Fwp%2Fv2%2Ftags&post=79003"}],"curies":[{"name":"wp","href":"https:\/\/api.w.org\/{rel}","templated":true}]}}