{"id":79005,"date":"2025-04-02T11:04:00","date_gmt":"2025-04-02T17:04:00","guid":{"rendered":"https:\/\/zonaroja.com.mx\/?p=79005"},"modified":"2025-04-02T07:17:11","modified_gmt":"2025-04-02T13:17:11","slug":"anuncian-senadores-iniciativa-que-permita-llamar-al-voto-en-eleccion-judicial","status":"publish","type":"post","link":"https:\/\/zonaroja.com.mx\/?p=79005","title":{"rendered":"Anuncian senadores iniciativa que permita llamar al voto en elecci\u00f3n judicial"},"content":{"rendered":"\n<p>Redacci\u00f3n\/Zona Roja Cdmx.<\/p>\n\n\n\n<p>Ciudad de M\u00e9xico, a 2 de abril de 2025.- Los senadores Laura Estrada, Luis Alfonso Silva y Antonino Morales anunciaron que habr\u00e1n de presentar iniciativa de reformas a la Constituci\u00f3n, para establecer que cuando se trate de ejercicios democr\u00e1ticos, y por ser de inter\u00e9s p\u00fablico, todos los actores del Estado pueden participar en la promoci\u00f3n del voto, sin que ello implique promover candidaturas.<\/p>\n\n\n\n<p>En conferencia de prensa, el senador Luis Alfonso Silva rechaz\u00f3 que ello signifique un ataque al Instituto Nacional Electoral (INE), pero s\u00ed parece un sin sentido que el Consejo General haya prohibido a los poderes participar en la promoci\u00f3n del voto ciudadano.<\/p>\n\n\n\n<p>\u201cEstamos viviendo un proceso hist\u00f3rico de renovaci\u00f3n del Poder Judicial, ya todos los candidatos est\u00e1n en campa\u00f1a y resulta una sinraz\u00f3n que el INE resolviera evitar que los poderes p\u00fablicos puedan fomentar y hacer que la ciudadan\u00eda participe m\u00e1s en este ejercicio democr\u00e1tico\u201d.<\/p>\n\n\n\n<p>Por ello, los tres legisladores por Oaxaca habr\u00e1n de presentar la iniciativa, \u201cpara que quede m\u00e1s claro que cuando se trata de democracia, cuando se trata de ejercicios democr\u00e1ticos, todos los actores del Estado tienen que participar por ser un tema de inter\u00e9s p\u00fablico y porque no estamos promocionando a una candidata o un candidato\u201d.<\/p>\n\n\n\n<p>El senador puntualiz\u00f3 que si bien ya no puede aplicar para esta elecci\u00f3n, porque ya est\u00e1 en curso, es importante que independientemente del cargo desde el cual se haga la promoci\u00f3n, los poderes p\u00fablicos deben invitar a la participaci\u00f3n ciudadana, respetando las reglas de equidad y de transparencia, \u201cporque queremos m\u00e1s y mejor democracia en M\u00e9xico\u201d.<\/p>\n\n\n\n<p>De su parte, el senador Antonino Morales Toledo celebr\u00f3 el arranque del primer cruce interoce\u00e1nico a trav\u00e9s del corredor del Istmo, con el traslado de 900 veh\u00edculos coreanos de la marca Hyundai que llegaron a Salina Cruz, para ser enviados por ferrocarril a Coatzacoalcos y de ah\u00ed a la costa este de Estados Unidos.<\/p>\n\n\n\n<p>Tambi\u00e9n agradeci\u00f3 a la presidenta Claudia Sheinbaum por instruir al Instituto Nacional de los Pueblos Ind\u00edgenas (INPI) corregir la integraci\u00f3n del Cat\u00e1logo Nacional de Pueblos y Comunidades Ind\u00edgenas y Afromexicanas, porque se subsana la omisi\u00f3n y menoscabo de los derechos de algunos pueblos y comunidades ind\u00edgenas de Oaxaca y de otros estados de la Rep\u00fablica.<\/p>\n\n\n\n<p>Esa omisi\u00f3n, resalt\u00f3, dejaba fuera a varias comunidades de recibir directamente sus recursos p\u00fablicos federales, a trav\u00e9s del Fondo de Aportaciones para la infraestructura social, y que podr\u00e1n ejercer acorde a sus usos y costumbres y en seno de sus propias comunidades.<\/p>\n","protected":false},"excerpt":{"rendered":"<p>Redacci\u00f3n\/Zona Roja Cdmx. Ciudad de M\u00e9xico, a 2 de abril de 2025.- Los senadores Laura&hellip;<\/p>\n","protected":false},"author":2,"featured_media":79006,"comment_status":"closed","ping_status":"open","sticky":false,"template":"","format":"standard","meta":{"_lmt_disableupdate":"","_lmt_disable":"","_jetpack_memberships_contains_paid_content":false,"footnotes":""},"categories":[109,46],"tags":[180],"class_list":["post-79005","post","type-post","status-publish","format-standard","has-post-thumbnail","hentry","category-minuto-a-minuto","category-zona-blanca","tag-antonino-morales-toledo"],"jetpack_featured_media_url":"https:\/\/zonaroja.com.mx\/wp-content\/uploads\/2025\/04\/Antonino-Morales-Toledo.jpg","jetpack_sharing_enabled":true,"_links":{"self":[{"href":"https:\/\/zonaroja.com.mx\/index.php?rest_route=\/wp\/v2\/posts\/79005","targetHints":{"allow":["GET"]}}],"collection":[{"href":"https:\/\/zonaroja.com.mx\/index.php?rest_route=\/wp\/v2\/posts"}],"about":[{"href":"https:\/\/zonaroja.com.mx\/index.php?rest_route=\/wp\/v2\/types\/post"}],"author":[{"embeddable":true,"href":"https:\/\/zonaroja.com.mx\/index.php?rest_route=\/wp\/v2\/users\/2"}],"replies":[{"embeddable":true,"href":"https:\/\/zonaroja.com.mx\/index.php?rest_route=%2Fwp%2Fv2%2Fcomments&post=79005"}],"version-history":[{"count":1,"href":"https:\/\/zonaroja.com.mx\/index.php?rest_route=\/wp\/v2\/posts\/79005\/revisions"}],"predecessor-version":[{"id":79007,"href":"https:\/\/zonaroja.com.mx\/index.php?rest_route=\/wp\/v2\/posts\/79005\/revisions\/79007"}],"wp:featuredmedia":[{"embeddable":true,"href":"https:\/\/zonaroja.com.mx\/index.php?rest_route=\/wp\/v2\/media\/79006"}],"wp:attachment":[{"href":"https:\/\/zonaroja.com.mx\/index.php?rest_route=%2Fwp%2Fv2%2Fmedia&parent=79005"}],"wp:term":[{"taxonomy":"category","embeddable":true,"href":"https:\/\/zonaroja.com.mx\/index.php?rest_route=%2Fwp%2Fv2%2Fcategories&post=79005"},{"taxonomy":"post_tag","embeddable":true,"href":"https:\/\/zonaroja.com.mx\/index.php?rest_route=%2Fwp%2Fv2%2Ftags&post=79005"}],"curies":[{"name":"wp","href":"https:\/\/api.w.org\/{rel}","templated":true}]}}