{"id":79011,"date":"2025-04-02T12:52:00","date_gmt":"2025-04-02T18:52:00","guid":{"rendered":"https:\/\/zonaroja.com.mx\/?p=79011"},"modified":"2025-04-02T08:07:50","modified_gmt":"2025-04-02T14:07:50","slug":"aumenta-la-preocupacion-de-mexicanos-por-aranceles-encuesta-ef","status":"publish","type":"post","link":"https:\/\/zonaroja.com.mx\/?p=79011","title":{"rendered":"Aumenta la preocupaci\u00f3n de mexicanos por aranceles: Encuesta EF"},"content":{"rendered":"\n<p>Redacci\u00f3n\/Zona Roja Cdmx.<\/p>\n\n\n\n<p>Ciudad de M\u00e9xico, a 2 de abril de 2025.- La creencia de que la imposici\u00f3n de aranceles por parte del presidente de Estados Unidos, Donald Trump, ser\u00edan perjudiciales para M\u00e9xico creci\u00f3 de 65 por ciento en enero a 75 por ciento en marzo, seg\u00fan revela una encuesta nacional de \u201cEl Financiero\u201d.<\/p>\n\n\n\n<p>El estudio indica que 81 por ciento de las personas entrevistadas dice estar muy o algo preocupada por la imposici\u00f3n de aranceles: 70 por ciento de ellas dice estar muy preocupada, y otro 11 por ciento algo preocupada. S\u00f3lo 16 por ciento dijo sentir poca o nada de preocupaci\u00f3n por el tema arancelario.<\/p>\n\n\n\n<p>Por otra parte, las deportaciones de inmigrantes ilegales en Estados Unidos tambi\u00e9n inquieta a la mayor\u00eda de los mexicanos, aunque hubo una disminuci\u00f3n de 10 puntos, entre enero y marzo, al bajar de 78 a 68 por ciento quienes dicen que ese asunto les preocupa mucho o algo.<\/p>\n\n\n\n<p>Ambos temas preocupan a la mayor\u00eda de la poblaci\u00f3n en el pa\u00eds, pero los aranceles han tomado el primer lugar, con 81 por ciento de las menciones.<\/p>\n\n\n\n<p>La encuesta indica que la manera como la presidenta Claudia Sheinbaum est\u00e1 tratando la relaci\u00f3n con el presidente Donald Trump, divide opiniones: 36 por ciento considera que Sheinbaum est\u00e1 haciendo bien o muy bien esa labor, mientras que 46 por ciento opina que lo est\u00e1 haciendo mal o muy mal.<\/p>\n\n\n\n<p>Cabe destacar que la encuesta se realiz\u00f3 antes de la visita de Kristi Noem, Secretaria de Seguridad Nacional de Estados Unidos, a Palacio Nacional, donde se reuni\u00f3 con la presidenta Sheinbaum.<\/p>\n\n\n\n<p>\u00bfY SOBRE TRUMP?<\/p>\n\n\n\n<p>El sondeo revela que la opini\u00f3n que tienen las y los mexicanos acerca de Trump empeor\u00f3 por tercera ocasi\u00f3n consecutiva, llegando a 89 por ciento la opini\u00f3n negativa, el porcentaje m\u00e1s alto registrado en la serie de encuestas de El Financiero desde febrero de 2019. Lo m\u00e1s alto hasta ahora hab\u00eda sido 86 por ciento en m\u00e1s de una ocasi\u00f3n.<\/p>\n\n\n\n<p>No obstante, la opini\u00f3n negativa hab\u00eda bajado a 63 por ciento en noviembre del a\u00f1o pasado, luego de que Trump ganara las elecciones presidenciales en su pa\u00eds. Desde entonces, el punto de vista negativo ha subido 26 puntos porcentuales. S\u00f3lo 6 por ciento de mexicanos tiene una opini\u00f3n positiva de Trump, seg\u00fan el sondeo.<\/p>\n\n\n\n<p>Por su parte, la perspectiva acerca de Elon Musk, el hombre m\u00e1s rico del mundo y hoy cercano colaborador en el gobierno de Trump, tambi\u00e9n empeor\u00f3 notablemente, registrando una opini\u00f3n negativa mayoritaria de 57 por ciento, 16 puntos m\u00e1s que en enero pasado, m\u00e1s del doble que en noviembre, cuando registr\u00f3 25 por ciento de opini\u00f3n negativa. El sondeo indica que 16 por ciento de mexicanos expres\u00f3 una opini\u00f3n buena o muy buena acerca de Musk, el porcentaje m\u00e1s bajo desde noviembre de 2022, seg\u00fan muestra la serie de encuestas de \u201cEl Financiero\u201d.<\/p>\n\n\n\n<p>Metodolog\u00eda: Encuesta nacional realizada v\u00eda telef\u00f3nica a 900 mexicanos adultos del 4 al 9 de marzo (500 entrevistas) y del 20 al 23 de marzo de 2025 (400 entrevistas). Se hizo un muestreo probabil\u00edstico de tel\u00e9fonos residenciales y celulares en las 32 entidades federativas. Con un nivel de confianza de 95%, el margen de error de las estimaciones es de +\/- 4.9 y +\/- 4.5 por ciento para las muestras de 400 y 500, respectivamente. * Pregunta realizada del 4 al 9 de marzo; **Pregunta realizada del 20 al 23 de marzo.<\/p>\n\n\n\n<p>(Informaci\u00f3n de \u201cEl Financiero\u201d)<\/p>\n","protected":false},"excerpt":{"rendered":"<p>Redacci\u00f3n\/Zona Roja Cdmx. Ciudad de M\u00e9xico, a 2 de abril de 2025.- La creencia de&hellip;<\/p>\n","protected":false},"author":2,"featured_media":79012,"comment_status":"closed","ping_status":"open","sticky":false,"template":"","format":"standard","meta":{"_lmt_disableupdate":"","_lmt_disable":"","_jetpack_memberships_contains_paid_content":false,"footnotes":""},"categories":[109,47],"tags":[1060],"class_list":["post-79011","post","type-post","status-publish","format-standard","has-post-thumbnail","hentry","category-minuto-a-minuto","category-zona-gris","tag-donald-trump"],"jetpack_featured_media_url":"https:\/\/zonaroja.com.mx\/wp-content\/uploads\/2025\/04\/Donald-Trump-y-Claudia-Shein.jpg.avif","jetpack_sharing_enabled":true,"_links":{"self":[{"href":"https:\/\/zonaroja.com.mx\/index.php?rest_route=\/wp\/v2\/posts\/79011","targetHints":{"allow":["GET"]}}],"collection":[{"href":"https:\/\/zonaroja.com.mx\/index.php?rest_route=\/wp\/v2\/posts"}],"about":[{"href":"https:\/\/zonaroja.com.mx\/index.php?rest_route=\/wp\/v2\/types\/post"}],"author":[{"embeddable":true,"href":"https:\/\/zonaroja.com.mx\/index.php?rest_route=\/wp\/v2\/users\/2"}],"replies":[{"embeddable":true,"href":"https:\/\/zonaroja.com.mx\/index.php?rest_route=%2Fwp%2Fv2%2Fcomments&post=79011"}],"version-history":[{"count":1,"href":"https:\/\/zonaroja.com.mx\/index.php?rest_route=\/wp\/v2\/posts\/79011\/revisions"}],"predecessor-version":[{"id":79013,"href":"https:\/\/zonaroja.com.mx\/index.php?rest_route=\/wp\/v2\/posts\/79011\/revisions\/79013"}],"wp:featuredmedia":[{"embeddable":true,"href":"https:\/\/zonaroja.com.mx\/index.php?rest_route=\/wp\/v2\/media\/79012"}],"wp:attachment":[{"href":"https:\/\/zonaroja.com.mx\/index.php?rest_route=%2Fwp%2Fv2%2Fmedia&parent=79011"}],"wp:term":[{"taxonomy":"category","embeddable":true,"href":"https:\/\/zonaroja.com.mx\/index.php?rest_route=%2Fwp%2Fv2%2Fcategories&post=79011"},{"taxonomy":"post_tag","embeddable":true,"href":"https:\/\/zonaroja.com.mx\/index.php?rest_route=%2Fwp%2Fv2%2Ftags&post=79011"}],"curies":[{"name":"wp","href":"https:\/\/api.w.org\/{rel}","templated":true}]}}