{"id":79014,"date":"2025-04-02T14:08:00","date_gmt":"2025-04-02T20:08:00","guid":{"rendered":"https:\/\/zonaroja.com.mx\/?p=79014"},"modified":"2025-04-02T08:08:46","modified_gmt":"2025-04-02T14:08:46","slug":"oaxaca-municipio-sobrerregulado","status":"publish","type":"post","link":"https:\/\/zonaroja.com.mx\/?p=79014","title":{"rendered":"Oaxaca, municipio sobrerregulado"},"content":{"rendered":"\n<p>N\u00e9stor Y. S\u00e1nchez Islas<\/p>\n\n\n\n<p>V\u00edctima de sus&nbsp;propias&nbsp;regulaciones, el ayuntamiento cay\u00f3 en una crisis que, a tres meses de su inicio,&nbsp;lo debilita y desprestigia.&nbsp;El video se viraliz\u00f3 en redes sociales.&nbsp;La escena es grotesca:&nbsp;un par de tipos con aspecto de porros del CATEM, con una playera blanca sobrepuesta y un gafete&nbsp;escapulario que los habilita como inspectores&nbsp;exigiendo&nbsp;a un fot\u00f3grafo que les mostrara su permiso para tomar fotograf\u00edas frente al Sagrario de la Catedral.&nbsp;No&nbsp;exist\u00eda el&nbsp;recibo, por tanto, se le prohibi\u00f3&nbsp;continuar con su sesi\u00f3n fotogr\u00e1fica.<\/p>\n\n\n\n<p>La indignaci\u00f3n se generaliz\u00f3, el enojo social subi\u00f3 al m\u00e1ximo,&nbsp;la notica lleg\u00f3 a algunos medios nacionales. Las burlas y mofa sobre el presidente municipal llenaron el ciberespacio. Raymundo Chagoya explic\u00f3 que fue un problema de comunicaci\u00f3n y, en parte, es cierto, aunque en el fondo la realidad es que existe una excesiva regulaci\u00f3n&nbsp;municipal. Tambi\u00e9n es cierto que el municipio est\u00e1 quebrado y le urge recaudar dinero por cualquier medio. A esto, la gente le llam\u00f3 el&nbsp;\u201crugido de tripas\u201d&nbsp;del municipio&nbsp;y funcionarios.<\/p>\n\n\n\n<p>Ojal\u00e1 fuera solo un problema de comunicaci\u00f3n porque se resuelve corriendo al encargado del \u00e1rea, pero es un problema de las&nbsp;estructuras pol\u00edticas que han desvirtuado la funci\u00f3n de la comunicaci\u00f3n social y la han convertido solo en un instrumento de propaganda y promoci\u00f3n&nbsp;de la imagen&nbsp;personal&nbsp;del jefe. M\u00e1s que comunicaci\u00f3n social no pasan de ser meras oficinas de relaciones p\u00fablicas porque&nbsp;su verdadera funci\u00f3n&nbsp;es ser un&nbsp;puente entre la autoridad y la sociedad.&nbsp;La teor\u00eda de la comunicaci\u00f3n&nbsp;social establece que dos de sus funciones principales son la creaci\u00f3n de&nbsp;consensos&nbsp;y disensos y, la otra, la socializaci\u00f3n de obras, leyes y reglamentos para evitar conflictos. El gobierno est\u00e1 obligado a socializar todas sus leyes y reglamentos&nbsp;antes de&nbsp;aplicarlos a discreci\u00f3n y conveniencia.<\/p>\n\n\n\n<p>No\u00e9 Jara, para justificar lo sucedido declar\u00f3: \u201ces la ley\u201d. Es correcto, pero hay una sabidur\u00eda que dice \u201cejec\u00fatese, pero no se cumpla\u201d, y esto \u00faltimo&nbsp;podr\u00eda haberles salido m\u00e1s barato&nbsp;porque, en apenas tres meses, este ayuntamiento ha consumido su luna de miel y capital pol\u00edtico. La gente les ha perdido el respeto y la confianza, al grado de que una publicaci\u00f3n&nbsp;de broma sobre un&nbsp;supuesto impuesto&nbsp;a cada vaso de agua de la samaritana mereci\u00f3 la atenci\u00f3n de todos los canales oficiales.<\/p>\n\n\n\n<p>El fondo es&nbsp;la sobrerregulaci\u00f3n municipal&nbsp;y la manera en que acosan a la gente para&nbsp;cobrar a como d\u00e9 lugar. Su cat\u00e1logo de tr\u00e1mites tiene m\u00e1s de 800&nbsp;y cada uno de ellos es una oportunidad de corrupci\u00f3n para la mafia burocr\u00e1tica.<\/p>\n\n\n\n<p>El exceso de regulaciones es propio de gobiernos estatistas, populistas y asfixiantes.&nbsp;Inhiben el crecimiento de la econom\u00eda y afectan a las peque\u00f1as empresas y emprendedores. Los costos de sus tr\u00e1mites son excesivamente altos para lo que a cambio nos devuelve la autoridad, limitan la generaci\u00f3n de empleo, es una&nbsp;instituci\u00f3n profundamente ineficiente e improductiva y esto mismo provoca el enorme crecimiento de la econom\u00eda informal que, en el caso de la ciudad de Oaxaca, debe rondar hasta el 80% de ella, lo que deriva que el ayuntamiento exprima a sus contribuyentes cautivos para poder mantener una n\u00f3mina de casi 5 mil empleados que reciben toda clase de prestaciones.<\/p>\n\n\n\n<p>Adem\u00e1s&nbsp;de la excesiva regulaci\u00f3n la gente de la calle debemos padecer&nbsp;la decisi\u00f3n de ponernos a todos&nbsp;al servicio del turismo. Sabemos que es una actividad importante, pero m\u00e1s importante somos quienes aqu\u00ed vivimos. Adem\u00e1s de&nbsp;una&nbsp;calle de Morelos que solo es para los tranv\u00edas tur\u00edsticos, ahora les&nbsp;entregan&nbsp;en exclusiva&nbsp;una&nbsp;calle de Reforma, frente a la&nbsp;Hemeroteca P\u00fablica.&nbsp;Arbitrario&nbsp;y abusivo, tambi\u00e9n,&nbsp;es su comisionado de vialidad que se apropi\u00f3&nbsp;de espacios para \u201cautos oficiales\u201d sin que jur\u00eddicamente exista esa figura en los reglamentos.&nbsp;Debe&nbsp;ser demando por abuso de autoridad.<\/p>\n\n\n\n<p>No debe este ayuntamiento cebarse sobre la poblaci\u00f3n cautiva. Debe&nbsp;dise\u00f1ar con especialistas un plan para desregularse, eliminar personal&nbsp;innecesario, dejar de rentar inmuebles&nbsp;costosos&nbsp;y, sobre todo,&nbsp;mantener a raya los excesos de sus cinco o seis sindicatos que deben atenerse a lo que el municipio pueda&nbsp;recaudar sin extorsionar&nbsp;y abusar. De cada peso que&nbsp;nos quita, 90 centavos se van en gasto corriente. Ah\u00ed terminan nuestros impuestos en medio de una situaci\u00f3n econ\u00f3mica casi recesiva provocada por el r\u00e9gimen de la 4T.<\/p>\n\n\n\n<p>Como sugerencia, el&nbsp;presidente debe revisar su equipo. Qui\u00e9n le&nbsp;aconsej\u00f3&nbsp;quitar, o hacer a un lado,&nbsp;el escudo oficial del municipio, la Donaj\u00ed, y usar solo el suyo&nbsp;lo est\u00e1 mal&nbsp;asesorando. La Donaj\u00ed es un&nbsp;s\u00edmbolo de&nbsp;identidad ampliamente&nbsp;aceptado.&nbsp;No se trata de que sea anacr\u00f3nico.&nbsp;Su importancia radica en el mensaje de unidad e identidad que transmite desde hace 200 a\u00f1os. Durante mucho&nbsp;tiempo&nbsp;fue el escudo&nbsp;que represent\u00f3 a todo el estado de Oaxaca, no solo al municipio.<\/p>\n\n\n\n<p>nestor.yuri@yahoo.com<\/p>\n","protected":false},"excerpt":{"rendered":"<p>N\u00e9stor Y. S\u00e1nchez Islas V\u00edctima de sus&nbsp;propias&nbsp;regulaciones, el ayuntamiento cay\u00f3 en una crisis que, a&hellip;<\/p>\n","protected":false},"author":2,"featured_media":67897,"comment_status":"closed","ping_status":"open","sticky":false,"template":"","format":"standard","meta":{"_lmt_disableupdate":"","_lmt_disable":"","_jetpack_memberships_contains_paid_content":false,"footnotes":""},"categories":[456,109],"tags":[3050],"class_list":["post-79014","post","type-post","status-publish","format-standard","has-post-thumbnail","hentry","category-columna","category-minuto-a-minuto","tag-nestor-yuri-sanchez"],"jetpack_featured_media_url":"https:\/\/zonaroja.com.mx\/wp-content\/uploads\/2024\/05\/Opinion-Nestor-Yuri-Sanchez.jpeg","jetpack_sharing_enabled":true,"_links":{"self":[{"href":"https:\/\/zonaroja.com.mx\/index.php?rest_route=\/wp\/v2\/posts\/79014","targetHints":{"allow":["GET"]}}],"collection":[{"href":"https:\/\/zonaroja.com.mx\/index.php?rest_route=\/wp\/v2\/posts"}],"about":[{"href":"https:\/\/zonaroja.com.mx\/index.php?rest_route=\/wp\/v2\/types\/post"}],"author":[{"embeddable":true,"href":"https:\/\/zonaroja.com.mx\/index.php?rest_route=\/wp\/v2\/users\/2"}],"replies":[{"embeddable":true,"href":"https:\/\/zonaroja.com.mx\/index.php?rest_route=%2Fwp%2Fv2%2Fcomments&post=79014"}],"version-history":[{"count":1,"href":"https:\/\/zonaroja.com.mx\/index.php?rest_route=\/wp\/v2\/posts\/79014\/revisions"}],"predecessor-version":[{"id":79015,"href":"https:\/\/zonaroja.com.mx\/index.php?rest_route=\/wp\/v2\/posts\/79014\/revisions\/79015"}],"wp:featuredmedia":[{"embeddable":true,"href":"https:\/\/zonaroja.com.mx\/index.php?rest_route=\/wp\/v2\/media\/67897"}],"wp:attachment":[{"href":"https:\/\/zonaroja.com.mx\/index.php?rest_route=%2Fwp%2Fv2%2Fmedia&parent=79014"}],"wp:term":[{"taxonomy":"category","embeddable":true,"href":"https:\/\/zonaroja.com.mx\/index.php?rest_route=%2Fwp%2Fv2%2Fcategories&post=79014"},{"taxonomy":"post_tag","embeddable":true,"href":"https:\/\/zonaroja.com.mx\/index.php?rest_route=%2Fwp%2Fv2%2Ftags&post=79014"}],"curies":[{"name":"wp","href":"https:\/\/api.w.org\/{rel}","templated":true}]}}