{"id":79016,"date":"2025-04-02T12:13:00","date_gmt":"2025-04-02T18:13:00","guid":{"rendered":"https:\/\/zonaroja.com.mx\/?p=79016"},"modified":"2025-04-02T08:17:44","modified_gmt":"2025-04-02T14:17:44","slug":"catean-en-matias-romero-local-con-huachicol-tambien-en-ixtepec","status":"publish","type":"post","link":"https:\/\/zonaroja.com.mx\/?p=79016","title":{"rendered":"Catean en Mat\u00edas Romero local con \u201chuachicol\u201d; tambi\u00e9n en Ixtepec"},"content":{"rendered":"\n<p>Raymundo Morales\/Zona Roja.<\/p>\n\n\n\n<p>Oaxaca de Ju\u00e1rez, Oax., a 2 de abril de 2025.- La Fiscal\u00eda General de la Rep\u00fablica (FGR) a trav\u00e9s de su Fiscal\u00eda Especializada de Control Regional (FECOR) en el estado de Oaxaca, cumpliment\u00f3 una orden de cateo autorizada por el juez de Control del Centro de Justicia Penal Federal en la entidad, en un inmueble ubicado en el municipio de Mat\u00edas Romero, Oaxaca, por el delito de sustracci\u00f3n de hidrocarburos.<\/p>\n\n\n\n<p>El operativo se llev\u00f3 a cabo con base en una investigaci\u00f3n que se inici\u00f3 el pasado 25 de marzo, derivado del parte informativo recibido por parte de la Guardia Nacional (GN), en el que informaba que al realizar un recorrido sobre la carretera federal Trans\u00edstmica 185 tramo Sayula de Alem\u00e1n-Mat\u00edas Romero, Oaxaca, se percataron de que dentro de un predio, se observaba un tractocami\u00f3n que desped\u00eda olor a hidrocarburo; adem\u00e1s, observaron mangueras conectadas a dicho veh\u00edculo, por lo que infirieron que se trataba de una toma clandestina.<\/p>\n\n\n\n<p>Los elementos de la GN proporcionaron seguridad perimetral y avisaron a la Fiscal\u00eda Federal del Estado, quien solicit\u00f3 a la autoridad judicial una orden de cateo, la cual fue ejecutada con apoyo de elementos del Gabinete de Seguridad del Gobierno de M\u00e9xico y el Cuerpo de Bomberos del municipio referido. &nbsp;<\/p>\n\n\n\n<p>Como resultado del operativo, el agente del Ministerio P\u00fablico de la Federaci\u00f3n asegur\u00f3 el inmueble, un tractocami\u00f3n con capacidad de 40 mil litros mismo que conten\u00eda una sustancia liquida transparente al 90 por ciento, una camioneta, documentaci\u00f3n diversa, equipo y herramientas para la conexi\u00f3n de mangueras y seis mangueras de diferentes caracter\u00edsticas.<\/p>\n\n\n\n<p>El agente del Ministerio P\u00fablico continuar\u00e1 con la investigaci\u00f3n correspondiente por los delitos previstos en la Ley Federal para Prevenir y Sancionar los Delitos Cometidos en Materia de Hidrocarburos.<\/p>\n\n\n\n<p>TAMBI\u00c9N EN IXTEPEC<\/p>\n\n\n\n<p>En d\u00edas pasados, la Fiscal\u00eda General cate\u00f3 tambi\u00e9n un inmueble pero ahora en Ciudad Ixtepec, regi\u00f3n del Istmo de Tehuantepec, y detuvo a dos personas como probables responsables de robo de combustible.<\/p>\n\n\n\n<p>En un comunicado, inform\u00f3 que cateo se realiz\u00f3 a partir de una denuncia ciudadana recibida el pasado 25 de marzo, y autorizado por el juez de Control del Centro de Justicia Penal Federal en la entidad, por la comisi\u00f3n de un delito en materia de hidrocarburos.<\/p>\n\n\n\n<p>En el operativo aseguraron diversos objetos, entre ellos, documentos en blanco identificados como vales de combustible, una terminal punto de venta, un videograbador o NVR, una impresora t\u00e9rmica, listas de precios, as\u00ed como el predio donde se realizaba el abastecimiento de combustible de manera clandestina y sin permisos.<\/p>\n","protected":false},"excerpt":{"rendered":"<p>Raymundo Morales\/Zona Roja. Oaxaca de Ju\u00e1rez, Oax., a 2 de abril de 2025.- La Fiscal\u00eda&hellip;<\/p>\n","protected":false},"author":2,"featured_media":79017,"comment_status":"closed","ping_status":"open","sticky":false,"template":"","format":"standard","meta":{"_lmt_disableupdate":"","_lmt_disable":"","_jetpack_memberships_contains_paid_content":false,"footnotes":""},"categories":[109,46],"tags":[228],"class_list":["post-79016","post","type-post","status-publish","format-standard","has-post-thumbnail","hentry","category-minuto-a-minuto","category-zona-blanca","tag-matias-romero-avendano"],"jetpack_featured_media_url":"https:\/\/zonaroja.com.mx\/wp-content\/uploads\/2025\/04\/Huachicol.png.webp","jetpack_sharing_enabled":true,"_links":{"self":[{"href":"https:\/\/zonaroja.com.mx\/index.php?rest_route=\/wp\/v2\/posts\/79016","targetHints":{"allow":["GET"]}}],"collection":[{"href":"https:\/\/zonaroja.com.mx\/index.php?rest_route=\/wp\/v2\/posts"}],"about":[{"href":"https:\/\/zonaroja.com.mx\/index.php?rest_route=\/wp\/v2\/types\/post"}],"author":[{"embeddable":true,"href":"https:\/\/zonaroja.com.mx\/index.php?rest_route=\/wp\/v2\/users\/2"}],"replies":[{"embeddable":true,"href":"https:\/\/zonaroja.com.mx\/index.php?rest_route=%2Fwp%2Fv2%2Fcomments&post=79016"}],"version-history":[{"count":1,"href":"https:\/\/zonaroja.com.mx\/index.php?rest_route=\/wp\/v2\/posts\/79016\/revisions"}],"predecessor-version":[{"id":79018,"href":"https:\/\/zonaroja.com.mx\/index.php?rest_route=\/wp\/v2\/posts\/79016\/revisions\/79018"}],"wp:featuredmedia":[{"embeddable":true,"href":"https:\/\/zonaroja.com.mx\/index.php?rest_route=\/wp\/v2\/media\/79017"}],"wp:attachment":[{"href":"https:\/\/zonaroja.com.mx\/index.php?rest_route=%2Fwp%2Fv2%2Fmedia&parent=79016"}],"wp:term":[{"taxonomy":"category","embeddable":true,"href":"https:\/\/zonaroja.com.mx\/index.php?rest_route=%2Fwp%2Fv2%2Fcategories&post=79016"},{"taxonomy":"post_tag","embeddable":true,"href":"https:\/\/zonaroja.com.mx\/index.php?rest_route=%2Fwp%2Fv2%2Ftags&post=79016"}],"curies":[{"name":"wp","href":"https:\/\/api.w.org\/{rel}","templated":true}]}}