{"id":79023,"date":"2025-04-02T20:54:53","date_gmt":"2025-04-03T02:54:53","guid":{"rendered":"https:\/\/zonaroja.com.mx\/?p=79023"},"modified":"2025-04-02T20:54:55","modified_gmt":"2025-04-03T02:54:55","slug":"demandan-morenistas-de-oaxaca-que-se-rechace-afiliacion-a-murat","status":"publish","type":"post","link":"https:\/\/zonaroja.com.mx\/?p=79023","title":{"rendered":"Demandan morenistas de Oaxaca que se rechace afiliaci\u00f3n a Murat"},"content":{"rendered":"\n<p>Ismael Garc\u00eda M.\/Zona Roja.<\/p>\n\n\n\n<p>Oaxaca de Ju\u00e1rez, Oax., a 2 de abril de 2025.- El coordinador de la bancada de Morena en el Congreso local; el comit\u00e9 ejecutivo del partido guinda y tres senadores, entre otros, han demandado que la Comisi\u00f3n Nacional de Honestidad y Justicia rechace la afiliaci\u00f3n al ex priista Alejandro Murat Hinojosa.<\/p>\n\n\n\n<p>\u201cYa respondi\u00f3 a la queja que se hizo de los militantes, de la propia gobernadora de Veracruz, que estuvieron rechazando que Miguel \u00c1ngel Yunes quisiera ser parte de nuestro movimiento.<\/p>\n\n\n\n<p>\u201cNosotros a la par hicimos tambi\u00e9n nuestro rechazo a que Alejandro Murat perteneciera a Morena; lo rechazamos porque nuestra ideolog\u00eda, principios que dieron valores a este movimiento, no nos permite tener a un personaje que actu\u00f3 en el pasado en contra de la gente, que perjudic\u00f3 al pueblo de Oaxaca, que saquearon las arcas y que saquearon las arcas\u201d, dijo Benjam\u00edn Viveros.<\/p>\n\n\n\n<p>En entrevista, sostuvo que los morenistas seguir\u00e1n rechazando que el ex gobernador priista, originario del Estado de M\u00e9xico, siga pretendiendo ingresar a las filas de Morena.<\/p>\n\n\n\n<p>\u201cLo vamos a seguir haciendo p\u00fablicamente; no puede un personaje as\u00ed, de un pasado oscuro, que pertenec\u00eda a este proceso que tuvimos tan malo en la historia de M\u00e9xico, que ahora quiera pertenecer a Morena simplemente para cubrir todo lo que hizo en el pasado o quererse limpiar; quiere purificarse e iniciar un nuevo proceso en la vida pol\u00edtica\u201d, sostuvo.<\/p>\n\n\n\n<p>El tambi\u00e9n presidente de la Junta de Coordinaci\u00f3n Pol\u00edtica del Congreso del Estado pidi\u00f3 a la Comisi\u00f3n de Honestidad de Morena que ya haga p\u00fablico el rechazo a Murat Hinojosa y que no se integre a Morena.<\/p>\n\n\n\n<p>Por su parte, el comit\u00e9 ejecutivo estatal de Morena en Oaxaca emiti\u00f3 un pronunciamiento en que demand\u00f3 al \u00f3rgano interno del partido a nivel nacional a no admitir la solicitud de afiliaci\u00f3n del ex priista.<\/p>\n\n\n\n<p>\u201cInvitamos a la Comisi\u00f3n Nacional a dar seguimiento y resolver el recurso presentado por este comit\u00e9 ejecutivo estatal, y le reiteramos nuestra respetuosa solicitud de rechazar el registro como militante de nuestro movimiento al senador Alejandro Murat Hinojosa\u201d, sostuvo.<\/p>\n\n\n\n<p>Por su parte, los senadores Antonino Morales Toledo, Laura Estrada Mauro y Luis Alfonso Silva, en que celebraron la decisi\u00f3n de rechazar al panista Miguel \u00c1ngel Yunes. Adem\u00e1s:<\/p>\n\n\n\n<p>\u201cInvitamos al senador Alejandro Murat Hinojosa a seguir el mismo camino y a retirar su solicitud de registro como militante de Morena\u201d, puntualizaron.<\/p>\n","protected":false},"excerpt":{"rendered":"<p>Ismael Garc\u00eda M.\/Zona Roja. Oaxaca de Ju\u00e1rez, Oax., a 2 de abril de 2025.- El&hellip;<\/p>\n","protected":false},"author":2,"featured_media":79024,"comment_status":"closed","ping_status":"open","sticky":false,"template":"","format":"standard","meta":{"_lmt_disableupdate":"","_lmt_disable":"","_jetpack_memberships_contains_paid_content":false,"footnotes":""},"categories":[109,47],"tags":[173],"class_list":["post-79023","post","type-post","status-publish","format-standard","has-post-thumbnail","hentry","category-minuto-a-minuto","category-zona-gris","tag-alejandro-murat-hinojosa"],"jetpack_featured_media_url":"https:\/\/zonaroja.com.mx\/wp-content\/uploads\/2025\/04\/Morenistas-contra-Alejandro-Murat.jpg","jetpack_sharing_enabled":true,"_links":{"self":[{"href":"https:\/\/zonaroja.com.mx\/index.php?rest_route=\/wp\/v2\/posts\/79023","targetHints":{"allow":["GET"]}}],"collection":[{"href":"https:\/\/zonaroja.com.mx\/index.php?rest_route=\/wp\/v2\/posts"}],"about":[{"href":"https:\/\/zonaroja.com.mx\/index.php?rest_route=\/wp\/v2\/types\/post"}],"author":[{"embeddable":true,"href":"https:\/\/zonaroja.com.mx\/index.php?rest_route=\/wp\/v2\/users\/2"}],"replies":[{"embeddable":true,"href":"https:\/\/zonaroja.com.mx\/index.php?rest_route=%2Fwp%2Fv2%2Fcomments&post=79023"}],"version-history":[{"count":1,"href":"https:\/\/zonaroja.com.mx\/index.php?rest_route=\/wp\/v2\/posts\/79023\/revisions"}],"predecessor-version":[{"id":79025,"href":"https:\/\/zonaroja.com.mx\/index.php?rest_route=\/wp\/v2\/posts\/79023\/revisions\/79025"}],"wp:featuredmedia":[{"embeddable":true,"href":"https:\/\/zonaroja.com.mx\/index.php?rest_route=\/wp\/v2\/media\/79024"}],"wp:attachment":[{"href":"https:\/\/zonaroja.com.mx\/index.php?rest_route=%2Fwp%2Fv2%2Fmedia&parent=79023"}],"wp:term":[{"taxonomy":"category","embeddable":true,"href":"https:\/\/zonaroja.com.mx\/index.php?rest_route=%2Fwp%2Fv2%2Fcategories&post=79023"},{"taxonomy":"post_tag","embeddable":true,"href":"https:\/\/zonaroja.com.mx\/index.php?rest_route=%2Fwp%2Fv2%2Ftags&post=79023"}],"curies":[{"name":"wp","href":"https:\/\/api.w.org\/{rel}","templated":true}]}}