{"id":79034,"date":"2025-04-03T07:59:00","date_gmt":"2025-04-03T13:59:00","guid":{"rendered":"https:\/\/zonaroja.com.mx\/?p=79034"},"modified":"2025-04-03T07:01:13","modified_gmt":"2025-04-03T13:01:13","slug":"analizan-comunicadores-propuestas-para-nueva-constitucion","status":"publish","type":"post","link":"https:\/\/zonaroja.com.mx\/?p=79034","title":{"rendered":"Analizan comunicadores propuestas para nueva Constituci\u00f3n\u00a0"},"content":{"rendered":"\n<p>Redacci\u00f3n\/Zona Roja.&nbsp;<\/p>\n\n\n\n<p>Oaxaca de Ju\u00e1rez, Oax., a 3 de abril de 2025.- Personas periodistas y representantes de los medios de comunicaci\u00f3n aportaron sus propuestas e inquietudes en materia de libertad de expresi\u00f3n y acceso a la informaci\u00f3n, para la redacci\u00f3n de la nueva Constituci\u00f3n local.<\/p>\n\n\n\n<p>En el marco del und\u00e9cimo encuentro tem\u00e1tico Informativo y de Participaci\u00f3n Social y Ciudadana, las y los asistentes abordaron temas como: Derecho, g\u00e9nero y garant\u00edas; La democracia y ciudadan\u00eda; La estructura del Estado de los poderes Ejecutivo, Legislativo, Judicial y de los \u00f3rganos aut\u00f3nomos; Buena administraci\u00f3n p\u00fablica y rendici\u00f3n de cuentas; Gobierno municipal, e Interculturalidad.<\/p>\n\n\n\n<p>En su intervenci\u00f3n, la titular de la Coordinaci\u00f3n de Comunicaci\u00f3n Social del Gobierno del Estado, Elizabeth \u00c1lvarez Acosta destac\u00f3 que estos foros tienen como prop\u00f3sito generar una normatividad renovada y que refleje la pluralidad cultural y ling\u00fc\u00edstica del estado.<\/p>\n\n\n\n<p>\u201cSon ustedes, las y los representantes de los medios de comunicaci\u00f3n una parte fundamental de la sociedad oaxaque\u00f1a, sin duda van a abonar a la legitimidad de este documento jur\u00eddico\u201d, mencion\u00f3.<\/p>\n\n\n\n<p>De igual forma, el consejero jur\u00eddico del Gobierno del Estado, Geovany V\u00e1squez Sagrero indic\u00f3 que la participaci\u00f3n de este sector de la poblaci\u00f3n es vital para la nueva Constituci\u00f3n.<\/p>\n\n\n\n<p>\u201cLas personas periodistas han sido fuente y pilar fundamental de muchas de las denuncias ciudadanas y de los derechos reclamados por el pueblo que ahora est\u00e1n plasmadas en la normatividad\u201d, dijo.<\/p>\n\n\n\n<p>Asimismo, el presidente de la Junta de Coordinaci\u00f3n Pol\u00edtica de la LXVI Legislatura del Honorable Congreso del Estado, Benjam\u00edn Viveros Montalvo destac\u00f3 que se trata de un proceso hist\u00f3rico, pues es la primera Constituci\u00f3n a nivel nacional que tiene un enfoque intercultural, pues integra las propuestas de todas la comunidades y sectores de la entidad.<\/p>\n\n\n\n<p>Por parte del magistrado del Tribunal Superior de Justicia del Estado, Alejandro Magno Gonz\u00e1lez Antonio reiter\u00f3 que la coordinaci\u00f3n entre los tres poderes y la poblaci\u00f3n generar\u00e1 un documento vanguardista, que reconozca las condiciones particulares y necesidades de los pueblos de Oaxaca.<\/p>\n\n\n\n<p>El secretario T\u00e9cnico de la Comisi\u00f3n Estatal para la Conmemoraci\u00f3n del Bicentenario de la primera Constituci\u00f3n del Estado Libre y Soberano de Oaxaca, Ra\u00fal \u00c1vila Ortiz, refiri\u00f3 que los acuerdos y propuestas expuestos en este espacio, son compromisos por cumplir, a fin de garantizar el bienestar de los pueblos del estado.<\/p>\n\n\n\n<figure class=\"wp-block-embed is-type-rich is-provider-twitter wp-block-embed-twitter\"><div class=\"wp-block-embed__wrapper\">\n<div class=\"twitter-tweet\"><blockquote class=\"twitter-tweet\" data-lang=\"es\"><p lang=\"es\" dir=\"ltr\">Esta ma\u00f1ana se efectu\u00f3 el Encuentro Informativo y de Participaci\u00f3n Ciudadana para la elaboraci\u00f3n de una nueva Constituci\u00f3n. <br><br>Participaron representantes de los medios de comunicaci\u00f3n y fue encabezada por el titular de la <a href=\"https:\/\/twitter.com\/ConsejeriaOax?ref_src=twsrc%5Etfw\">@ConsejeriaOax<\/a>, <a href=\"https:\/\/twitter.com\/geovanyvasquez?ref_src=twsrc%5Etfw\">@geovanyvasquez<\/a>. <a href=\"https:\/\/t.co\/UphRXvzQl1\">pic.twitter.com\/UphRXvzQl1<\/a><\/p>&mdash; Zona Roja Oaxaca (@ZonaRoja_Oaxaca) <a href=\"https:\/\/twitter.com\/ZonaRoja_Oaxaca\/status\/1907531830871330878?ref_src=twsrc%5Etfw\">2 de abril de 2025<\/a><\/blockquote><\/div>\n<\/div><\/figure>\n","protected":false},"excerpt":{"rendered":"<p>Redacci\u00f3n\/Zona Roja.&nbsp; Oaxaca de Ju\u00e1rez, Oax., a 3 de abril de 2025.- Personas periodistas y&hellip;<\/p>\n","protected":false},"author":2,"featured_media":79035,"comment_status":"closed","ping_status":"open","sticky":false,"template":"","format":"standard","meta":{"_lmt_disableupdate":"","_lmt_disable":"","_jetpack_memberships_contains_paid_content":false,"footnotes":""},"categories":[109,46],"tags":[],"class_list":["post-79034","post","type-post","status-publish","format-standard","has-post-thumbnail","hentry","category-minuto-a-minuto","category-zona-blanca"],"jetpack_featured_media_url":"https:\/\/zonaroja.com.mx\/wp-content\/uploads\/2025\/04\/Abordan-periodistas-y-medios-de-comunicacion-la-libertad-de-expresion-para-la-construccion-de-nueva-Constitucion-de-Oaxaca-1.jpeg","jetpack_sharing_enabled":true,"_links":{"self":[{"href":"https:\/\/zonaroja.com.mx\/index.php?rest_route=\/wp\/v2\/posts\/79034","targetHints":{"allow":["GET"]}}],"collection":[{"href":"https:\/\/zonaroja.com.mx\/index.php?rest_route=\/wp\/v2\/posts"}],"about":[{"href":"https:\/\/zonaroja.com.mx\/index.php?rest_route=\/wp\/v2\/types\/post"}],"author":[{"embeddable":true,"href":"https:\/\/zonaroja.com.mx\/index.php?rest_route=\/wp\/v2\/users\/2"}],"replies":[{"embeddable":true,"href":"https:\/\/zonaroja.com.mx\/index.php?rest_route=%2Fwp%2Fv2%2Fcomments&post=79034"}],"version-history":[{"count":1,"href":"https:\/\/zonaroja.com.mx\/index.php?rest_route=\/wp\/v2\/posts\/79034\/revisions"}],"predecessor-version":[{"id":79036,"href":"https:\/\/zonaroja.com.mx\/index.php?rest_route=\/wp\/v2\/posts\/79034\/revisions\/79036"}],"wp:featuredmedia":[{"embeddable":true,"href":"https:\/\/zonaroja.com.mx\/index.php?rest_route=\/wp\/v2\/media\/79035"}],"wp:attachment":[{"href":"https:\/\/zonaroja.com.mx\/index.php?rest_route=%2Fwp%2Fv2%2Fmedia&parent=79034"}],"wp:term":[{"taxonomy":"category","embeddable":true,"href":"https:\/\/zonaroja.com.mx\/index.php?rest_route=%2Fwp%2Fv2%2Fcategories&post=79034"},{"taxonomy":"post_tag","embeddable":true,"href":"https:\/\/zonaroja.com.mx\/index.php?rest_route=%2Fwp%2Fv2%2Ftags&post=79034"}],"curies":[{"name":"wp","href":"https:\/\/api.w.org\/{rel}","templated":true}]}}