{"id":79037,"date":"2025-04-03T11:04:00","date_gmt":"2025-04-03T17:04:00","guid":{"rendered":"https:\/\/zonaroja.com.mx\/?p=79037"},"modified":"2025-04-03T07:05:31","modified_gmt":"2025-04-03T13:05:31","slug":"llega-a-coatzacoalcos-buque-que-llevara-vehiculos-hyundai-a-eu","status":"publish","type":"post","link":"https:\/\/zonaroja.com.mx\/?p=79037","title":{"rendered":"Llega a Coatzacoalcos buque que llevar\u00e1 veh\u00edculos Hyundai a EU"},"content":{"rendered":"\n<p>Redacci\u00f3n\/Zona Roja Cdmx.<\/p>\n\n\n\n<p>Ciudad de M\u00e9xico, a 3 de abril de 2025.- La ma\u00f1ana de este 2 de abril lleg\u00f3 al puerto de Coatzacoalcos un buque especializado para transportar veh\u00edculos de Hyundai a Estados Unidos.<\/p>\n\n\n\n<p>El buque RCC Africa, con bandera de Bahamas, llevar\u00e1 un total de 900 autos hacia la naci\u00f3n norteamericana.<\/p>\n\n\n\n<p>El lote de veh\u00edculos Hyundai lleg\u00f3 a M\u00e9xico proveniente de Corea del Sur, el 27 de marzo.<\/p>\n\n\n\n<p>El buque Glovis Cosmos traslad\u00f3 las unidades al puerto de Salina Cruz, Oaxaca.<\/p>\n\n\n\n<p>De all\u00ed, los autos recorrieron la L\u00ednea Z del Corredor Interoce\u00e1nico del Istmo de Tehuantepec hasta Coatzacoalcos.<\/p>\n\n\n\n<p>La gobernadora de Veracruz, Roc\u00edo Nahle, destac\u00f3 que la llegada del buque RCC Africa marca el inicio de las operaciones de carga de los veh\u00edculos trasladados mediante el Tren Interoce\u00e1nico desde Salina Cruz.<\/p>\n\n\n\n<p>(Informaci\u00f3n de L\u00f3pez-D\u00f3riga Digital)<\/p>\n","protected":false},"excerpt":{"rendered":"<p>Redacci\u00f3n\/Zona Roja Cdmx. Ciudad de M\u00e9xico, a 3 de abril de 2025.- La ma\u00f1ana de&hellip;<\/p>\n","protected":false},"author":2,"featured_media":78871,"comment_status":"closed","ping_status":"open","sticky":false,"template":"","format":"standard","meta":{"_lmt_disableupdate":"","_lmt_disable":"","_jetpack_memberships_contains_paid_content":false,"footnotes":""},"categories":[109,46],"tags":[3763],"class_list":["post-79037","post","type-post","status-publish","format-standard","has-post-thumbnail","hentry","category-minuto-a-minuto","category-zona-blanca","tag-corredor-interoceanico-del-istmo-de-tehuantepec"],"jetpack_featured_media_url":"https:\/\/zonaroja.com.mx\/wp-content\/uploads\/2025\/03\/Hyundai-autos-Salina-Cruz-.jpg","jetpack_sharing_enabled":true,"_links":{"self":[{"href":"https:\/\/zonaroja.com.mx\/index.php?rest_route=\/wp\/v2\/posts\/79037","targetHints":{"allow":["GET"]}}],"collection":[{"href":"https:\/\/zonaroja.com.mx\/index.php?rest_route=\/wp\/v2\/posts"}],"about":[{"href":"https:\/\/zonaroja.com.mx\/index.php?rest_route=\/wp\/v2\/types\/post"}],"author":[{"embeddable":true,"href":"https:\/\/zonaroja.com.mx\/index.php?rest_route=\/wp\/v2\/users\/2"}],"replies":[{"embeddable":true,"href":"https:\/\/zonaroja.com.mx\/index.php?rest_route=%2Fwp%2Fv2%2Fcomments&post=79037"}],"version-history":[{"count":1,"href":"https:\/\/zonaroja.com.mx\/index.php?rest_route=\/wp\/v2\/posts\/79037\/revisions"}],"predecessor-version":[{"id":79038,"href":"https:\/\/zonaroja.com.mx\/index.php?rest_route=\/wp\/v2\/posts\/79037\/revisions\/79038"}],"wp:featuredmedia":[{"embeddable":true,"href":"https:\/\/zonaroja.com.mx\/index.php?rest_route=\/wp\/v2\/media\/78871"}],"wp:attachment":[{"href":"https:\/\/zonaroja.com.mx\/index.php?rest_route=%2Fwp%2Fv2%2Fmedia&parent=79037"}],"wp:term":[{"taxonomy":"category","embeddable":true,"href":"https:\/\/zonaroja.com.mx\/index.php?rest_route=%2Fwp%2Fv2%2Fcategories&post=79037"},{"taxonomy":"post_tag","embeddable":true,"href":"https:\/\/zonaroja.com.mx\/index.php?rest_route=%2Fwp%2Fv2%2Ftags&post=79037"}],"curies":[{"name":"wp","href":"https:\/\/api.w.org\/{rel}","templated":true}]}}