{"id":79039,"date":"2025-04-03T09:05:00","date_gmt":"2025-04-03T15:05:00","guid":{"rendered":"https:\/\/zonaroja.com.mx\/?p=79039"},"modified":"2025-04-03T07:31:43","modified_gmt":"2025-04-03T13:31:43","slug":"tras-despido-hospitales-de-oaxaca-insalubres-y-sin-seguridad","status":"publish","type":"post","link":"https:\/\/zonaroja.com.mx\/?p=79039","title":{"rendered":"Tras despido, hospitales de Oaxaca insalubres y sin seguridad"},"content":{"rendered":"\n<p>Raymundo Morales\/Zona Roja.<\/p>\n\n\n\n<p>Oaxaca de Ju\u00e1rez, Oax., a 3 de abril de 2024.- Tras alrededor el despido de alrededor de mil empleados de empresas privadas, la mayor\u00eda de hospitales de Oaxaca se mantienen desde hace tres d\u00edas sin servicios de limpieza ni de seguridad.<\/p>\n\n\n\n<p>Ayer, cientos de los afectados protestaron en el z\u00f3calo de la capital, para exigir la intervenci\u00f3n del Gobierno del Estado, ante la medida tomada por el IMSS-Bienestar de contratar a empresas for\u00e1neas y reemplazar la que ten\u00edan contratada, de origen oaxaque\u00f1o.<\/p>\n\n\n\n<p>Pese a ello, hasta anoche no hab\u00eda ning\u00fan informaci\u00f3n oficial respecto a la soluci\u00f3n que se dar\u00e1 a las personas despedidas, en su mayor\u00eda mujeres, que se quedaron en la indefensi\u00f3n.<\/p>\n\n\n\n<p>\u201cNunca me ha faltado mi quincena, pero ahora que entr\u00f3 la otra empresa, nos quedamos sin trabajo; s\u00ed necesito trabajo porque estoy enferma, depende de m\u00ed misma; con eso compro mis medicamentos; necesito trabajar.<\/p>\n\n\n\n<p>\u201cPara que otra empresa viene y nos saca de la noche a la ma\u00f1ana, ahora no sabemos qu\u00e9 va a pasar; le pido al gobernador que nos regresen el trabajo\u201d, dijo una de las afectadas, la se\u00f1ora Estela Cort\u00e9s, con 55 a\u00f1os de edad.<\/p>\n\n\n\n<p>Representantes de Sepritur del Pac\u00edfico explicaron ayer que de la noche a la ma\u00f1ana fueron reemplazados por otras empresas, de Tlaxcala y el Estado de M\u00e9xico.<\/p>\n\n\n\n<p>Reconocieron que si bien culmin\u00f3 el contrato, no fueron convocados para la nueva licitaci\u00f3n, por lo cual presumen que fue un proceso de adjudicaci\u00f3n directa, para favorecer a empresas for\u00e1neas, como Pryse de la Ciudad de M\u00e9xico.<\/p>\n\n\n\n<p>Demandaron la intervenci\u00f3n urgente del Gobierno del Estado, con la finalidad de garantizar la seguridad laboral de alrededor de mil personas que quedaron en la indefensi\u00f3n laboral.<\/p>\n\n\n\n<figure class=\"wp-block-embed is-type-rich is-provider-twitter wp-block-embed-twitter\"><div class=\"wp-block-embed__wrapper\">\n<div class=\"twitter-tweet\"><blockquote class=\"twitter-tweet\" data-lang=\"es\"><p lang=\"es\" dir=\"ltr\">Trabajadores del \u00e1rea de seguridad y limpieza de diversos hospitales p\u00fablicos del IMSS-Bienestar Oaxaca, denuncian despidos y justificados y contrataci\u00f3n de una empresa for\u00e1nea, sin licitaci\u00f3n, que los desplaz\u00f3; piden audiencia con el mandatario <a href=\"https:\/\/twitter.com\/salomonj?ref_src=twsrc%5Etfw\">@salomonj<\/a>. <a href=\"https:\/\/t.co\/kAnsI0ckhD\">pic.twitter.com\/kAnsI0ckhD<\/a><\/p>&mdash; Zona Roja Oaxaca (@ZonaRoja_Oaxaca) <a href=\"https:\/\/twitter.com\/ZonaRoja_Oaxaca\/status\/1907459778328101133?ref_src=twsrc%5Etfw\">2 de abril de 2025<\/a><\/blockquote><\/div>\n<\/div><\/figure>\n","protected":false},"excerpt":{"rendered":"<p>Raymundo Morales\/Zona Roja. Oaxaca de Ju\u00e1rez, Oax., a 3 de abril de 2024.- Tras alrededor&hellip;<\/p>\n","protected":false},"author":2,"featured_media":79040,"comment_status":"closed","ping_status":"open","sticky":false,"template":"","format":"standard","meta":{"_lmt_disableupdate":"","_lmt_disable":"","_jetpack_memberships_contains_paid_content":false,"footnotes":""},"categories":[109,47],"tags":[],"class_list":["post-79039","post","type-post","status-publish","format-standard","has-post-thumbnail","hentry","category-minuto-a-minuto","category-zona-gris"],"jetpack_featured_media_url":"https:\/\/zonaroja.com.mx\/wp-content\/uploads\/2025\/04\/Trabajadores-despedidos-empresas-seguridad-IMSS-Bienestar.jpg","jetpack_sharing_enabled":true,"_links":{"self":[{"href":"https:\/\/zonaroja.com.mx\/index.php?rest_route=\/wp\/v2\/posts\/79039","targetHints":{"allow":["GET"]}}],"collection":[{"href":"https:\/\/zonaroja.com.mx\/index.php?rest_route=\/wp\/v2\/posts"}],"about":[{"href":"https:\/\/zonaroja.com.mx\/index.php?rest_route=\/wp\/v2\/types\/post"}],"author":[{"embeddable":true,"href":"https:\/\/zonaroja.com.mx\/index.php?rest_route=\/wp\/v2\/users\/2"}],"replies":[{"embeddable":true,"href":"https:\/\/zonaroja.com.mx\/index.php?rest_route=%2Fwp%2Fv2%2Fcomments&post=79039"}],"version-history":[{"count":1,"href":"https:\/\/zonaroja.com.mx\/index.php?rest_route=\/wp\/v2\/posts\/79039\/revisions"}],"predecessor-version":[{"id":79041,"href":"https:\/\/zonaroja.com.mx\/index.php?rest_route=\/wp\/v2\/posts\/79039\/revisions\/79041"}],"wp:featuredmedia":[{"embeddable":true,"href":"https:\/\/zonaroja.com.mx\/index.php?rest_route=\/wp\/v2\/media\/79040"}],"wp:attachment":[{"href":"https:\/\/zonaroja.com.mx\/index.php?rest_route=%2Fwp%2Fv2%2Fmedia&parent=79039"}],"wp:term":[{"taxonomy":"category","embeddable":true,"href":"https:\/\/zonaroja.com.mx\/index.php?rest_route=%2Fwp%2Fv2%2Fcategories&post=79039"},{"taxonomy":"post_tag","embeddable":true,"href":"https:\/\/zonaroja.com.mx\/index.php?rest_route=%2Fwp%2Fv2%2Ftags&post=79039"}],"curies":[{"name":"wp","href":"https:\/\/api.w.org\/{rel}","templated":true}]}}