{"id":79042,"date":"2025-04-03T10:30:00","date_gmt":"2025-04-03T16:30:00","guid":{"rendered":"https:\/\/zonaroja.com.mx\/?p=79042"},"modified":"2025-04-03T07:50:21","modified_gmt":"2025-04-03T13:50:21","slug":"detienen-a-presunto-lider-de-narcomenudistas-en-el-istmo","status":"publish","type":"post","link":"https:\/\/zonaroja.com.mx\/?p=79042","title":{"rendered":"Detienen a presunto l\u00edder de narcomenudistas en el Istmo"},"content":{"rendered":"\n<p>Redacci\u00f3n\/Zona Roja.&nbsp;<\/p>\n\n\n\n<p>Oaxaca de Ju\u00e1rez, Oax., a 3 de abril de 2025.-&nbsp;La Fiscal\u00eda General del Estado de Oaxaca (FGEO) logr\u00f3 la detenci\u00f3n de Y.O.S.S., por el delito contra la salud en su modalidad de narcomenudeo en la hip\u00f3tesis de posesi\u00f3n con fines de comercio o suministro de metanfetamina y cannabis, adem\u00e1s, esta persona es considerada un objetivo prioritario por su probable participaci\u00f3n en actividades delictivas en la regi\u00f3n del Istmo de Tehuantepec.<\/p>\n\n\n\n<p>De acuerdo a la causa penal, el 30 de marzo de 2025, Y.O.S.S., fue detenido en flagrancia por elementos de la Agencia Estatal de Investigaciones (AEI), en la colonia Imeca perteneciente al municipio de Juchit\u00e1n de Zaragoza.<\/p>\n\n\n\n<p>Al llevar a cabo la revisi\u00f3n legal, los elementos policiales hallaron bolsas empaquetadas con cannabis sativa, as\u00ed como metanfetaminas, por lo cual detuvieron a Y.O.S.S., quien qued\u00f3 a disposici\u00f3n de la autoridad correspondiente.<\/p>\n\n\n\n<p>En el desahogo de la audiencia inicial, el Juez de Control decret\u00f3 como legal la detenci\u00f3n de Y.O.S.S., adem\u00e1s que se comunic\u00f3 la imputaci\u00f3n, por lo que qued\u00f3 en prisi\u00f3n preventiva provisional en lo que se resuelve su situaci\u00f3n jur\u00eddica.<\/p>\n\n\n\n<p>Derivado de los trabajos de inteligencia criminal efectuados por la Vicefiscal\u00eda Regional de Valles Centrales, se logr\u00f3 establecer que Y.O.S.S., es considerado como un objetivo prioritario en la regi\u00f3n.<\/p>\n\n\n\n<p>SENTENCIAN A EXTORSIONADOR<\/p>\n\n\n\n<p>En otro caso, la Fiscal\u00eda General obtuvo una sentencia condenatoria de cinco a\u00f1os y seis meses de prisi\u00f3n en contra de una persona del sexo masculino identificada como Luis E.R.R., alias \u00abQuiquin\u00bb o \u00abEl Quique\u00bb responsable por el delito de extorsi\u00f3n cometida en la regi\u00f3n de los Valles Centrales.<\/p>\n\n\n\n<p>Conforme a lo establecido en el expediente penal del caso, el 16 de mayo de 2015, una mujer -cuya identidad est\u00e1 reservada por ley- fue v\u00edctima de extorsi\u00f3n, luego de recibir mensajes de texto en forma de chantaje y pidiendo dinero en efectivo a cambio de no hacer p\u00fablicas unas fotograf\u00edas de ella con contenido sexual.<\/p>\n\n\n\n<p>La investigaci\u00f3n revela que, el 18 de mayo del mismo a\u00f1o, la v\u00edctima entreg\u00f3 el recurso econ\u00f3mico al hoy sentenciado por lo que posteriormente, fue detenido y llevado ante el ministerio p\u00fablico para su proceso legal.<\/p>\n\n\n\n<p>Derivado de las investigaciones que la FGEO realiz\u00f3 a trav\u00e9s de la Vicefiscal\u00eda General de Control Regional, el Juez tuvo los elementos jur\u00eddicos con los que logr\u00f3 establecer la responsabilidad de Luis E.R.R., en la comisi\u00f3n del delito de extorsi\u00f3n por lo que dict\u00f3 sentencia condenatoria de cinco a\u00f1os y seis meses de prisi\u00f3n, as\u00ed como el pago de una multa y la reparaci\u00f3n del da\u00f1o.<\/p>\n\n\n\n<p>OTRO SENTENCIADO<\/p>\n\n\n\n<p>Por otra parte, la instituci\u00f3n logr\u00f3 una sentencia condenatoria de 46 a\u00f1os y seis meses contra de una persona identificada como Gabriel L.L. por el delito equiparado a la violaci\u00f3n en agravio de una adolescente, hechos ocurridos en la regi\u00f3n de Valles Centrales<\/p>\n\n\n\n<p>De acuerdo con el expediente penal, los hechos ocurrieron en diferentes momentos del 2021, cuando la v\u00edctima una adolescente -cuyos datos se reservan por ley- fue agredida en un domicilio ubicado en Santa Luc\u00eda del Camino.<\/p>\n\n\n\n<p>Luego de tener conocimiento de los hechos, la Fiscal\u00eda Especializada en Justicia para Ni\u00f1as, Ni\u00f1os y Adolescentes inici\u00f3 la carpeta de investigaci\u00f3n correspondiente y realiz\u00f3 los trabajos ministeriales con perspectiva de infancia y g\u00e9nero, lo que permiti\u00f3 obtener una orden de aprehensi\u00f3n contra el imputado y con ello, llevarlo ante el Juez que lo requiri\u00f3.<\/p>\n\n\n\n<p>Tras el desahogo de pruebas presentadas por la Fiscal\u00eda de Oaxaca, el Juez que atiende la causa dict\u00f3 sentencia condenatoria de 46 a\u00f1os y seis meses de prisi\u00f3n en contra de Gabriel L.L. por el delito equiparado a la violaci\u00f3n, adem\u00e1s de imponer una multa econ\u00f3mica y la reparaci\u00f3n del da\u00f1o en abstracto.<\/p>\n","protected":false},"excerpt":{"rendered":"<p>Redacci\u00f3n\/Zona Roja.&nbsp; Oaxaca de Ju\u00e1rez, Oax., a 3 de abril de 2025.-&nbsp;La Fiscal\u00eda General del&hellip;<\/p>\n","protected":false},"author":2,"featured_media":79043,"comment_status":"closed","ping_status":"open","sticky":false,"template":"","format":"standard","meta":{"_lmt_disableupdate":"","_lmt_disable":"","_jetpack_memberships_contains_paid_content":false,"footnotes":""},"categories":[109,46],"tags":[494],"class_list":["post-79042","post","type-post","status-publish","format-standard","has-post-thumbnail","hentry","category-minuto-a-minuto","category-zona-blanca","tag-fiscalia-general-del-estado-de-oaxaca"],"jetpack_featured_media_url":"https:\/\/zonaroja.com.mx\/wp-content\/uploads\/2025\/04\/Detenido-narcomenudista-Juchitan.jpg","jetpack_sharing_enabled":true,"_links":{"self":[{"href":"https:\/\/zonaroja.com.mx\/index.php?rest_route=\/wp\/v2\/posts\/79042","targetHints":{"allow":["GET"]}}],"collection":[{"href":"https:\/\/zonaroja.com.mx\/index.php?rest_route=\/wp\/v2\/posts"}],"about":[{"href":"https:\/\/zonaroja.com.mx\/index.php?rest_route=\/wp\/v2\/types\/post"}],"author":[{"embeddable":true,"href":"https:\/\/zonaroja.com.mx\/index.php?rest_route=\/wp\/v2\/users\/2"}],"replies":[{"embeddable":true,"href":"https:\/\/zonaroja.com.mx\/index.php?rest_route=%2Fwp%2Fv2%2Fcomments&post=79042"}],"version-history":[{"count":1,"href":"https:\/\/zonaroja.com.mx\/index.php?rest_route=\/wp\/v2\/posts\/79042\/revisions"}],"predecessor-version":[{"id":79044,"href":"https:\/\/zonaroja.com.mx\/index.php?rest_route=\/wp\/v2\/posts\/79042\/revisions\/79044"}],"wp:featuredmedia":[{"embeddable":true,"href":"https:\/\/zonaroja.com.mx\/index.php?rest_route=\/wp\/v2\/media\/79043"}],"wp:attachment":[{"href":"https:\/\/zonaroja.com.mx\/index.php?rest_route=%2Fwp%2Fv2%2Fmedia&parent=79042"}],"wp:term":[{"taxonomy":"category","embeddable":true,"href":"https:\/\/zonaroja.com.mx\/index.php?rest_route=%2Fwp%2Fv2%2Fcategories&post=79042"},{"taxonomy":"post_tag","embeddable":true,"href":"https:\/\/zonaroja.com.mx\/index.php?rest_route=%2Fwp%2Fv2%2Ftags&post=79042"}],"curies":[{"name":"wp","href":"https:\/\/api.w.org\/{rel}","templated":true}]}}