{"id":79045,"date":"2025-04-03T09:50:00","date_gmt":"2025-04-03T15:50:00","guid":{"rendered":"https:\/\/zonaroja.com.mx\/?p=79045"},"modified":"2025-04-03T08:28:13","modified_gmt":"2025-04-03T14:28:13","slug":"emite-la-seccion-22-documento-orientador-con-miras-al-paro-indefinido","status":"publish","type":"post","link":"https:\/\/zonaroja.com.mx\/?p=79045","title":{"rendered":"Emite la Secci\u00f3n 22 documento orientador con miras al paro indefinido"},"content":{"rendered":"\n<p>Ismael Garc\u00eda M.\/Zona Roja. Foto: Archivo.<\/p>\n\n\n\n<p>Oaxaca de Ju\u00e1rez, Oax., a 3 de abril de 2025.- Tras la Asamblea Estatal del pasado fin de semana, la Secci\u00f3n 22 del Sindicato Nacional de Trabajadores de la Educaci\u00f3n emiti\u00f3 el Documento Orientador y Concentrado, Rumbo al Paro Indefinido 2025.<\/p>\n\n\n\n<p>Esta gu\u00eda se distribuye en todas las escuelas del nivel b\u00e1sico del estado, con la finalidad de informar a las bases acerca de los motivos de la lucha magisterial, que prev\u00e9 parar labores en mayo pr\u00f3ximo.<\/p>\n\n\n\n<p>\u201cCompa\u00f1eras y compa\u00f1eros de este MDTEO, a sus 45 a\u00f1os de lucha de la CNTE, tiene claro sus objetivos centrales, la democratizaci\u00f3n del pa\u00eds, del SNTE y de la educaci\u00f3n p\u00fablica.<\/p>\n\n\n\n<p>\u201cEste magisterio oaxaque\u00f1o como referente de lucha, se mantiene vigente en la defensa de los derechos laborales y en contra de las pol\u00edticas neoliberales del Estado que siguen hostigando con sus reformas estructurales que afectan a la clase trabajadora.<\/p>\n\n\n\n<p>\u201cAnte este contexto se hace el llamado a las bases a sumarse a nuestra t\u00e1ctica de lucha movilizaci\u00f3n-negociaci\u00f3n-movilizaci\u00f3n, por lo que se hace necesaria la concientizaci\u00f3n, reorganizaci\u00f3n y participaci\u00f3n de todas nuestras bases, desde los cuadros intermedios hasta la estructura seccional para participar de manera contundente en el pr\u00f3ximo paro indefinido de labores\u201d, refiere parre del documento.<\/p>\n\n\n\n<p>La Secci\u00f3n 22 expone que es necesario que el movimiento implemente acciones que permitan fortalecer la correlaci\u00f3n de fuerzas con sus aliados naturales, que son los padres de familia, organizaciones sociales y otros sindicatos que cotizan en el ISSSTE.<\/p>\n\n\n\n<p>\u201cDe esta manera, juntos poder hacer un solo frente de manera unitaria rumbo al paro indefinido, en defensa de la educaci\u00f3n p\u00fablica y de los derechos laborales de la clase trabajadora de todo el pa\u00eds\u201d.<\/p>\n\n\n\n<p>La lucha central es ahora la abrogaci\u00f3n de la reforma a la Ley del ISSSTE del a\u00f1o 2007, por lo cual el magisterio se ha declarado en alerta m\u00e1xima.<\/p>\n\n\n\n<p>Ayer mi\u00e9rcoles iniciaron las movilizaciones masivas, con la asamblea de los sectores Estatales, Periferia y Ciudad de la regi\u00f3n Valles Centrales y que fue encabezada por la secretaria General, Yenny Aracely P\u00e9rez Mart\u00ednez.<\/p>\n\n\n\n<p>Al encuentro asistieron secretarios Generales, el Coordinador Pol\u00edtico Organizativo, el Secretario de Asistencia y Prevenci\u00f3n Social, as\u00ed como la Estructura Estatutaria y no Estatutaria de los sectores convocados.<\/p>\n\n\n\n<p>\u201cDurante la sesi\u00f3n, se brind\u00f3 informaci\u00f3n clave sobre la organizaci\u00f3n del paro indefinido, analizando las afectaciones que enfrentan los trabajadores a causa de reformas y pol\u00edticas que buscan debilitar los derechos laborales, las prestaciones y la garant\u00eda de una jubilaci\u00f3n digna\u201d, refiri\u00f3 la Secci\u00f3n 22 en sus redes sociales.<\/p>\n","protected":false},"excerpt":{"rendered":"<p>Ismael Garc\u00eda M.\/Zona Roja. Foto: Archivo. Oaxaca de Ju\u00e1rez, Oax., a 3 de abril de&hellip;<\/p>\n","protected":false},"author":2,"featured_media":68944,"comment_status":"closed","ping_status":"open","sticky":false,"template":"","format":"standard","meta":{"_lmt_disableupdate":"","_lmt_disable":"","_jetpack_memberships_contains_paid_content":false,"footnotes":""},"categories":[109,47],"tags":[312],"class_list":["post-79045","post","type-post","status-publish","format-standard","has-post-thumbnail","hentry","category-minuto-a-minuto","category-zona-gris","tag-seccion-22-del-snte"],"jetpack_featured_media_url":"https:\/\/zonaroja.com.mx\/wp-content\/uploads\/2024\/05\/Asamblea-Estatal-Seccion-22.jpg","jetpack_sharing_enabled":true,"_links":{"self":[{"href":"https:\/\/zonaroja.com.mx\/index.php?rest_route=\/wp\/v2\/posts\/79045","targetHints":{"allow":["GET"]}}],"collection":[{"href":"https:\/\/zonaroja.com.mx\/index.php?rest_route=\/wp\/v2\/posts"}],"about":[{"href":"https:\/\/zonaroja.com.mx\/index.php?rest_route=\/wp\/v2\/types\/post"}],"author":[{"embeddable":true,"href":"https:\/\/zonaroja.com.mx\/index.php?rest_route=\/wp\/v2\/users\/2"}],"replies":[{"embeddable":true,"href":"https:\/\/zonaroja.com.mx\/index.php?rest_route=%2Fwp%2Fv2%2Fcomments&post=79045"}],"version-history":[{"count":1,"href":"https:\/\/zonaroja.com.mx\/index.php?rest_route=\/wp\/v2\/posts\/79045\/revisions"}],"predecessor-version":[{"id":79046,"href":"https:\/\/zonaroja.com.mx\/index.php?rest_route=\/wp\/v2\/posts\/79045\/revisions\/79046"}],"wp:featuredmedia":[{"embeddable":true,"href":"https:\/\/zonaroja.com.mx\/index.php?rest_route=\/wp\/v2\/media\/68944"}],"wp:attachment":[{"href":"https:\/\/zonaroja.com.mx\/index.php?rest_route=%2Fwp%2Fv2%2Fmedia&parent=79045"}],"wp:term":[{"taxonomy":"category","embeddable":true,"href":"https:\/\/zonaroja.com.mx\/index.php?rest_route=%2Fwp%2Fv2%2Fcategories&post=79045"},{"taxonomy":"post_tag","embeddable":true,"href":"https:\/\/zonaroja.com.mx\/index.php?rest_route=%2Fwp%2Fv2%2Ftags&post=79045"}],"curies":[{"name":"wp","href":"https:\/\/api.w.org\/{rel}","templated":true}]}}