{"id":79047,"date":"2025-04-03T12:28:00","date_gmt":"2025-04-03T18:28:00","guid":{"rendered":"https:\/\/zonaroja.com.mx\/?p=79047"},"modified":"2025-04-03T09:37:59","modified_gmt":"2025-04-03T15:37:59","slug":"apuntalan-en-oaxaca-turismo-seguro-para-la-ninez-y-adolescencia","status":"publish","type":"post","link":"https:\/\/zonaroja.com.mx\/?p=79047","title":{"rendered":"Apuntalan en Oaxaca turismo seguro para la ni\u00f1ez y adolescencia"},"content":{"rendered":"\n<p>Redacci\u00f3n\/Zona Roja.<\/p>\n\n\n\n<p>Oaxaca de Ju\u00e1rez, Oax., a 3 de abril de 2025.- La titular de la Secretar\u00eda de Turismo (Sectur) del Estado, Saymi Pineda Velasco se\u00f1al\u00f3 que Oaxaca est\u00e1 a la vanguardia en la capacitaci\u00f3n a integrantes del sector tur\u00edstico para lograr espacios seguros en los destinos vacacionales para las personas menores de edad.<\/p>\n\n\n\n<p>En colaboraci\u00f3n con el Secretariado Ejecutivo del Sistema Local de Protecci\u00f3n Integral para Ni\u00f1as, Ni\u00f1os y Adolescentes (SE-Sipinna), se inaugur\u00f3 el curso de Protecci\u00f3n de Ni\u00f1as, Ni\u00f1os y Adolescentes Frente a las Violencias.<\/p>\n\n\n\n<p>En el Centro Cultural y de Convenciones de Oaxaca (CCCO), en presencia de las y los asistentes, la secretaria de Turismo recalc\u00f3 que esta actividad marcar\u00e1 un antes y un despu\u00e9s en este sector productivo del estado, toda vez que es un paso firme por un turismo responsable, en el que hoteles, restaurantes, agencias de viajes y otros, sean aliados en la protecci\u00f3n de este sector social.<\/p>\n\n\n\n<p>\u201cQueremos que cada familia que nos visite viva la magia de nuestra tierra con la certeza de que aqu\u00ed, la diversi\u00f3n y la protecci\u00f3n van de la mano\u201d, dijo Pineda Velasco, al abordar la estrategia Oaxaca: Destino Tur\u00edstico Seguro para Ni\u00f1as, Ni\u00f1os y Adolescentes.<\/p>\n\n\n\n<p>En tanto, la titular del SE-Sipinna, Alma Deysi Bautista Ramos se\u00f1al\u00f3 que la Sectur Oaxaca ha impulsado la agenda de las ni\u00f1as, ni\u00f1os y adolescentes en el sector tur\u00edstico, ya que en el Gobierno que encabeza Salom\u00f3n Jara Cruz, se prioriza el inter\u00e9s superior de este grupo social.<\/p>\n\n\n\n<p>A\u00f1adi\u00f3 que este programa, en colaboraci\u00f3n con la organizaci\u00f3n World Vision M\u00e9xico, fue resultado tambi\u00e9n de la participaci\u00f3n de muchas adolescencias e infancias que aportaron su opiniones e ideas para mejorar los entornos tur\u00edsticos locales.<\/p>\n\n\n\n<p>A su vez, el gerente de Incidencia en Pol\u00edticas P\u00fablicas de World Vision M\u00e9xico, Francisco Ram\u00edrez expres\u00f3 que hablar de Oaxaca es hablar de turismo, un lugar de referencia para muchas personas en todo el mundo, por lo que es muy importante asegurar y contribuir a que sea un destino seguro para la vida de la ni\u00f1as, ni\u00f1os y adolescentes.<\/p>\n\n\n\n<p>\u201cOaxaca es un estado incre\u00edble, maravilloso, un referente tur\u00edstico y ahora ser\u00e1 un ejemplo de destino seguro para toda la ni\u00f1ez y adolescencia que nos visite, as\u00ed como para a todas y todos los que viven y que crecen aqu\u00ed\u201d, dijo.<\/p>\n","protected":false},"excerpt":{"rendered":"<p>Redacci\u00f3n\/Zona Roja. Oaxaca de Ju\u00e1rez, Oax., a 3 de abril de 2025.- La titular de&hellip;<\/p>\n","protected":false},"author":2,"featured_media":79048,"comment_status":"closed","ping_status":"open","sticky":false,"template":"","format":"standard","meta":{"_lmt_disableupdate":"","_lmt_disable":"","_jetpack_memberships_contains_paid_content":false,"footnotes":""},"categories":[109,46],"tags":[1031],"class_list":["post-79047","post","type-post","status-publish","format-standard","has-post-thumbnail","hentry","category-minuto-a-minuto","category-zona-blanca","tag-secretaria-de-turismo-oaxaca"],"jetpack_featured_media_url":"https:\/\/zonaroja.com.mx\/wp-content\/uploads\/2025\/04\/SECTUR-2.jpeg","jetpack_sharing_enabled":true,"_links":{"self":[{"href":"https:\/\/zonaroja.com.mx\/index.php?rest_route=\/wp\/v2\/posts\/79047","targetHints":{"allow":["GET"]}}],"collection":[{"href":"https:\/\/zonaroja.com.mx\/index.php?rest_route=\/wp\/v2\/posts"}],"about":[{"href":"https:\/\/zonaroja.com.mx\/index.php?rest_route=\/wp\/v2\/types\/post"}],"author":[{"embeddable":true,"href":"https:\/\/zonaroja.com.mx\/index.php?rest_route=\/wp\/v2\/users\/2"}],"replies":[{"embeddable":true,"href":"https:\/\/zonaroja.com.mx\/index.php?rest_route=%2Fwp%2Fv2%2Fcomments&post=79047"}],"version-history":[{"count":1,"href":"https:\/\/zonaroja.com.mx\/index.php?rest_route=\/wp\/v2\/posts\/79047\/revisions"}],"predecessor-version":[{"id":79049,"href":"https:\/\/zonaroja.com.mx\/index.php?rest_route=\/wp\/v2\/posts\/79047\/revisions\/79049"}],"wp:featuredmedia":[{"embeddable":true,"href":"https:\/\/zonaroja.com.mx\/index.php?rest_route=\/wp\/v2\/media\/79048"}],"wp:attachment":[{"href":"https:\/\/zonaroja.com.mx\/index.php?rest_route=%2Fwp%2Fv2%2Fmedia&parent=79047"}],"wp:term":[{"taxonomy":"category","embeddable":true,"href":"https:\/\/zonaroja.com.mx\/index.php?rest_route=%2Fwp%2Fv2%2Fcategories&post=79047"},{"taxonomy":"post_tag","embeddable":true,"href":"https:\/\/zonaroja.com.mx\/index.php?rest_route=%2Fwp%2Fv2%2Ftags&post=79047"}],"curies":[{"name":"wp","href":"https:\/\/api.w.org\/{rel}","templated":true}]}}