{"id":7905,"date":"2020-01-21T19:13:13","date_gmt":"2020-01-22T01:13:13","guid":{"rendered":"http:\/\/www.zonaroja.com.mx\/?p=7905"},"modified":"2020-01-21T19:13:17","modified_gmt":"2020-01-22T01:13:17","slug":"estrenan-mobiliario-en-28-escuelas-de-san-juan-bautista-cuicatlan","status":"publish","type":"post","link":"https:\/\/zonaroja.com.mx\/?p=7905","title":{"rendered":"Estrenan mobiliario en 28 escuelas de San Juan Bautista Cuicatl\u00e1n"},"content":{"rendered":"\n<p>Redacci\u00f3n\/Zona Roja.<\/p>\n\n\n\n<p>Oaxaca de Ju\u00e1rez, Oax., 21 de enero de\n2020.- Con una inversi\u00f3n de casi un mill\u00f3n de pesos, 28 escuelas de 13\ncomunidades de San Juan Bautista Cuicatl\u00e1n iniciaron el a\u00f1o estrenando\nmobiliario y equipo.<\/p>\n\n\n\n<p>AA nombre del gobernador Alejandro\nMurat Hinojosa, el director general del Instituto Estatal de Educaci\u00f3n P\u00fablica\nde Oaxaca (IEEPO), Francisco \u00c1ngel Villarreal entreg\u00f3 dio material, en\nbeneficio de mil 423 estudiantes y 98 docentes.<\/p>\n\n\n\n<p>Acompa\u00f1ado de la presidenta municipal,\nMaricel Mariscal Gayt\u00e1n y del diputado federal Alejandro Ponce Cobos, el\nDirector General del IEEPO resalt\u00f3 que en el compromiso del mandatario de\ncontribuir al desarrollo integral de los educandos, se han invertido poco m\u00e1s\nde 170 millones de pesos en la entrega de mobiliario y equipo en los \u00faltimos\ntres a\u00f1os, que permiten al alumnado desarrollar sus actividades cotidianas en\nmejores condiciones.<\/p>\n\n\n\n<p>Destac\u00f3 que el gobernador se ha\ndeclarado el mejor aliado del magisterio y de la educaci\u00f3n de las ni\u00f1os y\nni\u00f1os, quienes son el centro del proceso educativo, por lo que en su\nadministraci\u00f3n se continuar\u00e1 avanzando en la atenci\u00f3n de los requerimientos de\nmobiliario y equipo escolar para las m\u00e1s de 13 mil escuelas en la entidad.<\/p>\n\n\n\n<p>\u201cLa fortaleza del futuro de Oaxaca est\u00e1\nfundamentalmente en que las ni\u00f1as y ni\u00f1os est\u00e9n preparados, en que tengan\nacceso a los conocimientos universales y regionales\u201d, indic\u00f3 \u00c1ngel Villarreal,\ntras dar a conocer que dentro de la agenda 2020 se revisar\u00e1 la nueva Ley\nEstatal de Educaci\u00f3n P\u00fablica, donde a trav\u00e9s de foros y en coordinaci\u00f3n con el\nPoder Legislativo se escuchar\u00e1n todas las opiniones, para consolidar una\neducaci\u00f3n de calidad.<\/p>\n\n\n\n<p>En presencia tambi\u00e9n de estudiantes,\ndocentes, madres y padres de familia de los planteles beneficiados, la\npresidenta municipal de Cuicatl\u00e1n, agradeci\u00f3 la atenci\u00f3n y respuesta del\ndirector general del Instituto Estatal de Educaci\u00f3n P\u00fablica de Oaxaca para la\ndotaci\u00f3n de los materiales necesarios a los centros educativos.<\/p>\n\n\n\n<p>Las instituciones que recibieron\nmobiliario y equipo, entre otros apoyos, fueron un Centro de Educaci\u00f3n Inicial,\ndos preescolares ind\u00edgenas, seis preescolares generales, dos primarias\nind\u00edgenas, 10 primarias generales, una secundaria general y cuatro\ntelesecundarias.<\/p>\n\n\n\n<p>Se ubican en las localidades El\nCacique, Guadalupe de los Obos, San Francisco Tutepetongo, San Gabriel\nAlmoloya, San Jos\u00e9 del Chilar, San Juan Bautista Cuicatl\u00e1n, San Juan Coyula,\nSan Pedro Jaltepetongo, San Pedro Nod\u00f3n, Santa Catarina Tlaxila, Santa Mar\u00eda\nAlmoloyas, Santiago Dominguillo y Santiago Quiotepec.<\/p>\n\n\n\n<p>En entrevista, las directoras de la escuela\nprimaria \u201c20 de Noviembre\u201d, Mar\u00eda del Carmen L\u00f3pez Pacheco, y del jard\u00edn de ni\u00f1os\n\u201cEmilia Martz\u201d, Dora Mar\u00eda Hern\u00e1ndez Merino agradecieron el mobiliario y equipo\nrecibido, el cual consideraron de suma importancia para el desarrollo de las\nactividades de las y los estudiantes.<\/p>\n","protected":false},"excerpt":{"rendered":"<p>Redacci\u00f3n\/Zona Roja. Oaxaca de Ju\u00e1rez, Oax., 21 de enero de 2020.- Con una inversi\u00f3n de&hellip;<\/p>\n","protected":false},"author":2,"featured_media":7906,"comment_status":"closed","ping_status":"open","sticky":false,"template":"","format":"standard","meta":{"_lmt_disableupdate":"","_lmt_disable":"","_jetpack_memberships_contains_paid_content":false,"footnotes":""},"categories":[109,46],"tags":[652,599],"class_list":["post-7905","post","type-post","status-publish","format-standard","has-post-thumbnail","hentry","category-minuto-a-minuto","category-zona-blanca","tag-francisco-angel-villarreal","tag-instituto-estatal-de-educacion-publica-de-oaxaca"],"jetpack_featured_media_url":"https:\/\/zonaroja.com.mx\/wp-content\/uploads\/2020\/01\/04-IEEPO-2.jpg","jetpack_sharing_enabled":true,"_links":{"self":[{"href":"https:\/\/zonaroja.com.mx\/index.php?rest_route=\/wp\/v2\/posts\/7905","targetHints":{"allow":["GET"]}}],"collection":[{"href":"https:\/\/zonaroja.com.mx\/index.php?rest_route=\/wp\/v2\/posts"}],"about":[{"href":"https:\/\/zonaroja.com.mx\/index.php?rest_route=\/wp\/v2\/types\/post"}],"author":[{"embeddable":true,"href":"https:\/\/zonaroja.com.mx\/index.php?rest_route=\/wp\/v2\/users\/2"}],"replies":[{"embeddable":true,"href":"https:\/\/zonaroja.com.mx\/index.php?rest_route=%2Fwp%2Fv2%2Fcomments&post=7905"}],"version-history":[{"count":1,"href":"https:\/\/zonaroja.com.mx\/index.php?rest_route=\/wp\/v2\/posts\/7905\/revisions"}],"predecessor-version":[{"id":7907,"href":"https:\/\/zonaroja.com.mx\/index.php?rest_route=\/wp\/v2\/posts\/7905\/revisions\/7907"}],"wp:featuredmedia":[{"embeddable":true,"href":"https:\/\/zonaroja.com.mx\/index.php?rest_route=\/wp\/v2\/media\/7906"}],"wp:attachment":[{"href":"https:\/\/zonaroja.com.mx\/index.php?rest_route=%2Fwp%2Fv2%2Fmedia&parent=7905"}],"wp:term":[{"taxonomy":"category","embeddable":true,"href":"https:\/\/zonaroja.com.mx\/index.php?rest_route=%2Fwp%2Fv2%2Fcategories&post=7905"},{"taxonomy":"post_tag","embeddable":true,"href":"https:\/\/zonaroja.com.mx\/index.php?rest_route=%2Fwp%2Fv2%2Ftags&post=7905"}],"curies":[{"name":"wp","href":"https:\/\/api.w.org\/{rel}","templated":true}]}}