{"id":79068,"date":"2025-04-04T10:15:00","date_gmt":"2025-04-04T16:15:00","guid":{"rendered":"https:\/\/zonaroja.com.mx\/?p=79068"},"modified":"2025-04-04T08:10:26","modified_gmt":"2025-04-04T14:10:26","slug":"jornada-violenta-de-nuevo-en-el-eden-tabasqueno-tambien-en-michoacan","status":"publish","type":"post","link":"https:\/\/zonaroja.com.mx\/?p=79068","title":{"rendered":"Jornada violenta de nuevo en el ed\u00e9n tabasque\u00f1o; tambi\u00e9n en Michoac\u00e1n"},"content":{"rendered":"\n<p>Redacci\u00f3n\/Zona Roja Cdmx.<\/p>\n\n\n\n<p>Ciudad de M\u00e9xico, a 4 de abril de 2025.- La captura de un generador de violencia desat\u00f3 bloqueos y quema de veh\u00edculos en Tabasco, hechos confirmado por las autoridades estatales, quienes aseguran que la situaci\u00f3n fue controlada.<\/p>\n\n\n\n<p>\u201cSe registraron reacciones de grupos delictivos que provocaron incendios en dos veh\u00edculos en C\u00e1rdenas\u201c, es parte de lo compartido por la Secretar\u00eda de Seguridad y Protecci\u00f3n Ciudadana del estado el 3 de abril.<\/p>\n\n\n\n<p>Fue Omar Garc\u00eda Harfuch, quie confirm\u00f3 a trav\u00e9s de sus redes sociales que la persona detenida es Adri\u00e1n \u201cN\u201d, un hombre ligado a delitos de alto impacto tales como extorsi\u00f3n, secuestro, homicidio y ataque a autoridades locales.<\/p>\n\n\n\n<p>Fueron agentes de la Fuerza Interinstitucional de Reacci\u00f3n T\u00e1ctica (FIRT) los que realizaron la captura del hombre cuya identidad no ha sido revelada ni tampoco el grupo al que estar\u00eda relacionado. Dicha detenci\u00f3n fue realizada en conjunto con instituciones de seguridad federales, acciones que provocaron la quema de las unidades.<\/p>\n\n\n\n<p>Los reportes indican que fue en el sector El Casta\u00f1o, en la carretera C\u00e1rdenas-Villahermosa. A trav\u00e9s de redes sociales fueron compartidas im\u00e1genes que muestran el fuego en el sitio.<\/p>\n\n\n\n<p>Durante la noche del 1 de abril las autoridades de Tabasco informaron sobre la presencia de artefactos poncha llantas en el municipio de Centro, espec\u00edficamente en el corredor Parrilla-Villa El Cielo. A dicho lugar llegaron unidades y fue implementado un dispositivo de resguardo.<\/p>\n\n\n\n<p>EN MICHOAC\u00c1N<\/p>\n\n\n\n<p>Cinco presuntos delincuentes fueron asesinados en el municipio de Apatzing\u00e1n, Michoac\u00e1n, luego de que participaron en un ataque contra agentes de seguridad, acciones que derivaron en el aseguramiento de artefactos explosivos.<\/p>\n\n\n\n<p>La Secretar\u00eda de Seguridad P\u00fablica (SSP) del Estado inform\u00f3 sobre las acciones el 3 de abril, las cuales dieron como resultado el aseguramiento de un total de 116 artefactos explosivos improvisados, adem\u00e1s de armas de fuego.<\/p>\n\n\n\n<p>En las acciones participaron elementos de la Secretar\u00eda de la Defensa Nacional (Defensa), as\u00ed como de la Guardia Civil. Un helic\u00f3ptero apoy\u00f3 en las labores en la zona.<\/p>\n\n\n\n<p>\u201cEncontramos un aproximado de 18 kilos de explosivos, as\u00ed como 6 kilos de p\u00f3lvora. Durante las tareas operativas fueron inhibidos 12 vuelos de drones gracias a nuestras herramientas tecnol\u00f3gicas\u00bb informaron las autoridades.<\/p>\n\n\n\n<p>Las im\u00e1genes compartidas por la SSP Michoac\u00e1n muestran los diferentes explosivos encontrados en el sitio. No ha sido revelado el grupo criminal al que estar\u00edan relacionados los cinco atacantes, reportes del medio Contramuro se\u00f1alan que los atacantes al parecer ser\u00edan integrantes del C\u00e1rtel Jalisco Nueva Generaci\u00f3n (CJNG).<\/p>\n\n\n\n<p>(Informaci\u00f3n de Infobae Mexico)<\/p>\n","protected":false},"excerpt":{"rendered":"<p>Redacci\u00f3n\/Zona Roja Cdmx. Ciudad de M\u00e9xico, a 4 de abril de 2025.- La captura de&hellip;<\/p>\n","protected":false},"author":2,"featured_media":79069,"comment_status":"closed","ping_status":"open","sticky":false,"template":"","format":"standard","meta":{"_lmt_disableupdate":"","_lmt_disable":"","_jetpack_memberships_contains_paid_content":false,"footnotes":""},"categories":[109,51],"tags":[4070],"class_list":["post-79068","post","type-post","status-publish","format-standard","has-post-thumbnail","hentry","category-minuto-a-minuto","category-zona-roja","tag-violencia-en-tabasco"],"jetpack_featured_media_url":"https:\/\/zonaroja.com.mx\/wp-content\/uploads\/2025\/04\/Violencia-en-Tabasco.jpg.avif","jetpack_sharing_enabled":true,"_links":{"self":[{"href":"https:\/\/zonaroja.com.mx\/index.php?rest_route=\/wp\/v2\/posts\/79068","targetHints":{"allow":["GET"]}}],"collection":[{"href":"https:\/\/zonaroja.com.mx\/index.php?rest_route=\/wp\/v2\/posts"}],"about":[{"href":"https:\/\/zonaroja.com.mx\/index.php?rest_route=\/wp\/v2\/types\/post"}],"author":[{"embeddable":true,"href":"https:\/\/zonaroja.com.mx\/index.php?rest_route=\/wp\/v2\/users\/2"}],"replies":[{"embeddable":true,"href":"https:\/\/zonaroja.com.mx\/index.php?rest_route=%2Fwp%2Fv2%2Fcomments&post=79068"}],"version-history":[{"count":1,"href":"https:\/\/zonaroja.com.mx\/index.php?rest_route=\/wp\/v2\/posts\/79068\/revisions"}],"predecessor-version":[{"id":79070,"href":"https:\/\/zonaroja.com.mx\/index.php?rest_route=\/wp\/v2\/posts\/79068\/revisions\/79070"}],"wp:featuredmedia":[{"embeddable":true,"href":"https:\/\/zonaroja.com.mx\/index.php?rest_route=\/wp\/v2\/media\/79069"}],"wp:attachment":[{"href":"https:\/\/zonaroja.com.mx\/index.php?rest_route=%2Fwp%2Fv2%2Fmedia&parent=79068"}],"wp:term":[{"taxonomy":"category","embeddable":true,"href":"https:\/\/zonaroja.com.mx\/index.php?rest_route=%2Fwp%2Fv2%2Fcategories&post=79068"},{"taxonomy":"post_tag","embeddable":true,"href":"https:\/\/zonaroja.com.mx\/index.php?rest_route=%2Fwp%2Fv2%2Ftags&post=79068"}],"curies":[{"name":"wp","href":"https:\/\/api.w.org\/{rel}","templated":true}]}}