{"id":79076,"date":"2025-04-04T18:20:11","date_gmt":"2025-04-05T00:20:11","guid":{"rendered":"https:\/\/zonaroja.com.mx\/?p=79076"},"modified":"2025-04-04T18:20:14","modified_gmt":"2025-04-05T00:20:14","slug":"ante-dirigente-nacional-ratifican-a-pepe-estefan-como-dirigente-del-pvem","status":"publish","type":"post","link":"https:\/\/zonaroja.com.mx\/?p=79076","title":{"rendered":"Ante dirigente nacional, ratifican a Pepe Estefan como dirigente del PVEM"},"content":{"rendered":"\n<p>Redacci\u00f3n\/Zona Roja.<\/p>\n\n\n\n<p>Oaxaca de Ju\u00e1rez, Oax., a 4 de abril de 2025.- La dirigente nacional del Partido Verde Ecologista de M\u00e9xico (PVEM), Karen Castrej\u00f3n Trujillo, dio inicio en Huatulco, a la etapa de afiliaci\u00f3n y reafiliaci\u00f3n de militantes en Oaxaca.<\/p>\n\n\n\n<p>Asimismo, con la presencia de destacados cuadros pol\u00edticos a nivel nacional y de la entidad, en asamblea se ratific\u00f3 al comit\u00e9 ejecutivo estatal, que preside Jos\u00e9 Antonio Estefan Gillessen.<\/p>\n\n\n\n<p>Este es un partido que ha crecido a nivel nacional y que hoy es la mejor opci\u00f3n para formar en el pa\u00eds, destac\u00f3 Karen Castrej\u00f3n, al tiempo de detallar la fuerza pol\u00edtica que tiene el Verde Ecologista, con presencia en el Congreso de la Uni\u00f3n y diversos congresos estatales, adem\u00e1s de gobiernos estatales y municipales.<\/p>\n\n\n\n<p>De la misma manera, reiter\u00f3 el respaldo partidista a la Presidenta Claudia Sheinbaum quien, dijo, tendr\u00e1 siempre en el Verde a un aliado para continuar la transformaci\u00f3n de M\u00e9xico e impulsar el bienestar de los mexicanos.<\/p>\n\n\n\n<p>Hizo un llamado a los legisladores, presidentes municipales y dem\u00e1s autoridades surgidas del PVEM, a seguir respondiendo con hechos a la poblaci\u00f3n que los eligi\u00f3; a dar resultados y a seguir trabajando con honradez y eficacia.<\/p>\n\n\n\n<p>De su lado, Pepe Estefan agradeci\u00f3 la confianza de la militancia y de la dirigencia nacional para continuar con las acciones a favor del partido, as\u00ed como de la sociedad oaxaque\u00f1a.<\/p>\n\n\n\n<p>Sostuvo que tanto la Presidenta Sheinbaum como el gobernador Salom\u00f3n Jara Cruz cuentan con aliados permanentes para impulsar todas las acciones que redunden en el bienestar de la poblaci\u00f3n.<\/p>\n\n\n\n<p>Al mismo tiempo, extern\u00f3 su respaldo a la mandataria nacional en las pol\u00edticas que impulsa ante las medidas dictadas por el gobierno norteamericano.<\/p>\n\n\n\n<p>En el encuentro estuvieron, entre otros, los legisladores Ra\u00fal Bola\u00f1os Cacho Cu\u00e9 y Alejandro Avil\u00e9s, as\u00ed como el presidente municipal de Santa Mar\u00eda Huatulco, Julio C\u00e1rdenas.<\/p>\n\n\n\n<p>Previo a la actividad pol\u00edtica, Karen Castrej\u00f3n y Jos\u00e9 Antonio Estefan Guillesen efectuaron labores de limpieza en playas de Huatulco, al lado de pobladores y pescadores que se unieron a esta causa.<\/p>\n\n\n\n<p>Ambos reiteraron su llamado a la poblaci\u00f3n en general a preservar los recursos naturales con la finalidad de preservar un ambiente sano para las actuales y futuras generaciones.<\/p>\n","protected":false},"excerpt":{"rendered":"<p>Redacci\u00f3n\/Zona Roja. Oaxaca de Ju\u00e1rez, Oax., a 4 de abril de 2025.- La dirigente nacional&hellip;<\/p>\n","protected":false},"author":2,"featured_media":79077,"comment_status":"closed","ping_status":"open","sticky":false,"template":"","format":"standard","meta":{"_lmt_disableupdate":"","_lmt_disable":"","_jetpack_memberships_contains_paid_content":false,"footnotes":""},"categories":[109,46],"tags":[2438],"class_list":["post-79076","post","type-post","status-publish","format-standard","has-post-thumbnail","hentry","category-minuto-a-minuto","category-zona-blanca","tag-jose-antonio-estefan-guillessen"],"jetpack_featured_media_url":"https:\/\/zonaroja.com.mx\/wp-content\/uploads\/2025\/04\/PVEM-dirigencia-estatal.jpg","jetpack_sharing_enabled":true,"_links":{"self":[{"href":"https:\/\/zonaroja.com.mx\/index.php?rest_route=\/wp\/v2\/posts\/79076","targetHints":{"allow":["GET"]}}],"collection":[{"href":"https:\/\/zonaroja.com.mx\/index.php?rest_route=\/wp\/v2\/posts"}],"about":[{"href":"https:\/\/zonaroja.com.mx\/index.php?rest_route=\/wp\/v2\/types\/post"}],"author":[{"embeddable":true,"href":"https:\/\/zonaroja.com.mx\/index.php?rest_route=\/wp\/v2\/users\/2"}],"replies":[{"embeddable":true,"href":"https:\/\/zonaroja.com.mx\/index.php?rest_route=%2Fwp%2Fv2%2Fcomments&post=79076"}],"version-history":[{"count":1,"href":"https:\/\/zonaroja.com.mx\/index.php?rest_route=\/wp\/v2\/posts\/79076\/revisions"}],"predecessor-version":[{"id":79078,"href":"https:\/\/zonaroja.com.mx\/index.php?rest_route=\/wp\/v2\/posts\/79076\/revisions\/79078"}],"wp:featuredmedia":[{"embeddable":true,"href":"https:\/\/zonaroja.com.mx\/index.php?rest_route=\/wp\/v2\/media\/79077"}],"wp:attachment":[{"href":"https:\/\/zonaroja.com.mx\/index.php?rest_route=%2Fwp%2Fv2%2Fmedia&parent=79076"}],"wp:term":[{"taxonomy":"category","embeddable":true,"href":"https:\/\/zonaroja.com.mx\/index.php?rest_route=%2Fwp%2Fv2%2Fcategories&post=79076"},{"taxonomy":"post_tag","embeddable":true,"href":"https:\/\/zonaroja.com.mx\/index.php?rest_route=%2Fwp%2Fv2%2Ftags&post=79076"}],"curies":[{"name":"wp","href":"https:\/\/api.w.org\/{rel}","templated":true}]}}