{"id":79093,"date":"2025-04-05T11:39:00","date_gmt":"2025-04-05T17:39:00","guid":{"rendered":"https:\/\/zonaroja.com.mx\/?p=79093"},"modified":"2025-04-05T10:25:11","modified_gmt":"2025-04-05T16:25:11","slug":"la-onu-inicia-procedimiento-contra-desapariciones-en-mexico","status":"publish","type":"post","link":"https:\/\/zonaroja.com.mx\/?p=79093","title":{"rendered":"La ONU inicia procedimiento contra desapariciones en M\u00e9xico"},"content":{"rendered":"\n<p>Redacci\u00f3n\/Zona Roja Cdmx.<\/p>\n\n\n\n<p>Ciudad de M\u00e9xico, a 5 de abril de 2025.- El Comit\u00e9 contra la Desaparici\u00f3n Forzada (CED, por sus siglas en ingl\u00e9s) de la Organizaci\u00f3n de las Naciones Unidas (ONU) ha tomado una decisi\u00f3n sin precedentes al activar el procedimiento estipulado en el art\u00edculo 34 de la Convenci\u00f3n Internacional para la Protecci\u00f3n de Todas las Personas contra las Desapariciones Forzadas.<\/p>\n\n\n\n<p>Seg\u00fan inform\u00f3 el presidente del Comit\u00e9, Olivier de Frouville, esta medida responde a informaci\u00f3n fundamentada que indica que las desapariciones forzadas se llevan a cabo de manera generalizada o sistem\u00e1tica en el territorio bajo la jurisdicci\u00f3n de M\u00e9xico. Este anuncio se realiz\u00f3 al t\u00e9rmino del vig\u00e9simo octavo per\u00edodo de sesiones del Comit\u00e9, lo que marc\u00f3 un hito hist\u00f3rico en la lucha contra este delito.<\/p>\n\n\n\n<p>De acuerdo con el procedimiento, el CED solicitar\u00e1 formalmente al Estado mexicano informaci\u00f3n pertinente sobre la situaci\u00f3n en las pr\u00f3ximas semanas. Este paso inicial busca establecer un di\u00e1logo constructivo con el gobierno mexicano para garantizar la aplicaci\u00f3n integral de la Convenci\u00f3n. Sin embargo, la gravedad del caso podr\u00eda llevar al Comit\u00e9 a presentar la cuesti\u00f3n ante la Asamblea General de la ONU, a trav\u00e9s del Secretario General, para su consideraci\u00f3n urgente.<\/p>\n\n\n\n<p>PROBLEMA SISTEM\u00c1TICO<\/p>\n\n\n\n<p>El art\u00edculo 34 de la Convenci\u00f3n establece que, cuando el Comit\u00e9 recibe informaci\u00f3n con indicios bien fundados de que las desapariciones forzadas se practican de manera generalizada o sistem\u00e1tica en un pa\u00eds, puede activar este protocolo. Seg\u00fan explic\u00f3 de Frouville, la informaci\u00f3n recibida por el CED cumple con estos criterios, lo que ha llevado a la activaci\u00f3n del procedimiento. Este mecanismo, descrito como \u201cel m\u00e1s extremo\u201d del Comit\u00e9, nunca antes hab\u00eda sido aplicado a un Estado parte.<\/p>\n\n\n\n<p>El fen\u00f3meno de las desapariciones forzadas en M\u00e9xico ha sido se\u00f1alado como un problema persistente y alarmante. Durante una visita realizada en 2021, el Comit\u00e9 ya hab\u00eda identificado este delito como un fen\u00f3meno sistem\u00e1tico en el pa\u00eds. Desde entonces, ha recomendado la implementaci\u00f3n de una Pol\u00edtica Nacional para Prevenir y Erradicar las Desapariciones, una medida que, seg\u00fan organizaciones de derechos humanos, no se ha adoptado de manera efectiva.<\/p>\n\n\n\n<p>El anuncio del CED ha generado reacciones inmediatas entre organizaciones de la sociedad civil. El Centro de Justicia para la Paz y el Desarrollo (CEPAD) calific\u00f3 la activaci\u00f3n del protocolo como un hecho \u201cin\u00e9dito\u201d y destac\u00f3 su importancia para el acceso a la verdad y la justicia de miles de familias que buscan a sus seres queridos. En un comunicado difundido en la red social X, el CEPAD se\u00f1al\u00f3 que este reconocimiento internacional subraya la gravedad de la situaci\u00f3n en M\u00e9xico.<\/p>\n\n\n\n<p>COMIT\u00c9 CONTRA DESAPARICI\u00d3N<\/p>\n\n\n\n<p>La activaci\u00f3n del protocolo contra M\u00e9xico no solo representa un llamado de atenci\u00f3n internacional, sino que tambi\u00e9n podr\u00eda tener consecuencias significativas. Seg\u00fan el derecho internacional, para que un crimen sea considerado de lesa humanidad, debe ser cometido de manera generalizada o sistem\u00e1tica, con pleno conocimiento e intenci\u00f3n por parte del Estado. Este procedimiento podr\u00eda derivar en un escrutinio m\u00e1s profundo por parte de la comunidad internacional y en una mayor presi\u00f3n para que el gobierno mexicano adopte medidas efectivas contra las desapariciones forzadas.<\/p>\n\n\n\n<p>El CED ha enfatizado que su objetivo principal es mantener un di\u00e1logo constructivo con M\u00e9xico, por lo que busca priorizar la cooperaci\u00f3n del Estado para garantizar la aplicaci\u00f3n plena de la Convenci\u00f3n. Sin embargo, la posibilidad de que el caso sea llevado ante la Asamblea General de la ONU subraya la gravedad de la situaci\u00f3n y la urgencia de abordar este problema de manera integral.<\/p>\n\n\n\n<p>(Informaci\u00f3n de Infobae M\u00e9xico)<\/p>\n","protected":false},"excerpt":{"rendered":"<p>Redacci\u00f3n\/Zona Roja Cdmx. Ciudad de M\u00e9xico, a 5 de abril de 2025.- El Comit\u00e9 contra&hellip;<\/p>\n","protected":false},"author":2,"featured_media":66761,"comment_status":"closed","ping_status":"open","sticky":false,"template":"","format":"standard","meta":{"_lmt_disableupdate":"","_lmt_disable":"","_jetpack_memberships_contains_paid_content":false,"footnotes":""},"categories":[109,47],"tags":[],"class_list":["post-79093","post","type-post","status-publish","format-standard","has-post-thumbnail","hentry","category-minuto-a-minuto","category-zona-gris"],"jetpack_featured_media_url":"https:\/\/zonaroja.com.mx\/wp-content\/uploads\/2024\/03\/Busqueda-de-desaparecidos-Oaxaca.jpg","jetpack_sharing_enabled":true,"_links":{"self":[{"href":"https:\/\/zonaroja.com.mx\/index.php?rest_route=\/wp\/v2\/posts\/79093","targetHints":{"allow":["GET"]}}],"collection":[{"href":"https:\/\/zonaroja.com.mx\/index.php?rest_route=\/wp\/v2\/posts"}],"about":[{"href":"https:\/\/zonaroja.com.mx\/index.php?rest_route=\/wp\/v2\/types\/post"}],"author":[{"embeddable":true,"href":"https:\/\/zonaroja.com.mx\/index.php?rest_route=\/wp\/v2\/users\/2"}],"replies":[{"embeddable":true,"href":"https:\/\/zonaroja.com.mx\/index.php?rest_route=%2Fwp%2Fv2%2Fcomments&post=79093"}],"version-history":[{"count":1,"href":"https:\/\/zonaroja.com.mx\/index.php?rest_route=\/wp\/v2\/posts\/79093\/revisions"}],"predecessor-version":[{"id":79094,"href":"https:\/\/zonaroja.com.mx\/index.php?rest_route=\/wp\/v2\/posts\/79093\/revisions\/79094"}],"wp:featuredmedia":[{"embeddable":true,"href":"https:\/\/zonaroja.com.mx\/index.php?rest_route=\/wp\/v2\/media\/66761"}],"wp:attachment":[{"href":"https:\/\/zonaroja.com.mx\/index.php?rest_route=%2Fwp%2Fv2%2Fmedia&parent=79093"}],"wp:term":[{"taxonomy":"category","embeddable":true,"href":"https:\/\/zonaroja.com.mx\/index.php?rest_route=%2Fwp%2Fv2%2Fcategories&post=79093"},{"taxonomy":"post_tag","embeddable":true,"href":"https:\/\/zonaroja.com.mx\/index.php?rest_route=%2Fwp%2Fv2%2Ftags&post=79093"}],"curies":[{"name":"wp","href":"https:\/\/api.w.org\/{rel}","templated":true}]}}