{"id":79095,"date":"2025-04-05T09:43:00","date_gmt":"2025-04-05T15:43:00","guid":{"rendered":"https:\/\/zonaroja.com.mx\/?p=79095"},"modified":"2025-04-05T07:52:53","modified_gmt":"2025-04-05T13:52:53","slug":"en-la-mixteca-hallan-taxista-muerto-hay-otro-desaparecido","status":"publish","type":"post","link":"https:\/\/zonaroja.com.mx\/?p=79095","title":{"rendered":"En la Mixteca hallan taxista muerto; hay otro desaparecido"},"content":{"rendered":"\n<p>Raymundo Morales\/Zona Roja.<\/p>\n\n\n\n<p>Oaxaca de Ju\u00e1rez, Oax., a 5 de abril de 2025.- En los \u00faltimos d\u00edas, dos taxistas fueron reportados como desaparecidos en la regi\u00f3n Mixteca del estado de Oaxaca.<\/p>\n\n\n\n<p>Uno fue localizado sin vida ayer, en un veh\u00edculo incendiado, mientras que otro permanece en calidad de no localizado.<\/p>\n\n\n\n<p>Autoridades policiacas y ministeriales confirmaron la localizaci\u00f3n sin vida del se\u00f1or Rufino Antol\u00edn Gracida, de 70 a\u00f1os de edad, en inmediaciones de la localidad de El Mes\u00f3n, mientras su unidad de motor se encontr\u00f3 calcinada.<\/p>\n\n\n\n<p>Hasta el momento no se ha confirmado si el hecho fue producto de un accidente vial o de un atentado.<\/p>\n\n\n\n<p>El taxista hab\u00eda salido el pasado 3 de abril de Santiago Juxtlahuaca con rumbo a San Miguel Tlacotepec, a bordo de la unidad marca Nissan, tipo Versa, con placas de circulaci\u00f3n 5656SJO, n\u00famero econ\u00f3mico 04-574, TX-JUXTL-213, del sitio \u201cGuadalupe\u201d.<\/p>\n\n\n\n<p>Por otra parte, el taxista Carlos Alverd\u00edn Cruz, de 51 a\u00f1os de edad, se encuentra en calidad de desaparecido desde el pasado mi\u00e9rcoles 2 de abril.<\/p>\n\n\n\n<p>Hab\u00eda salido a un viaje de Huajuapan de Le\u00f3n con rumbo a Mariscala de Ju\u00e1rez, a bordo de una unidad marca Nissan, tipo Tsuru, con n\u00famero econ\u00f3mico 013 del sitio \u201cFraccionamiento Fovissste Aguadulce\u201d.<\/p>\n\n\n\n<p>Familiares y autoridades piden a la poblaci\u00f3n de que, en caso de contar con alg\u00fan dato que ayude a su localizaci\u00f3n, llamar a los n\u00fameros: 953 538 85 68,<\/p>\n\n\n\n<p>953 213 19 91 y 9-1-1.<\/p>\n","protected":false},"excerpt":{"rendered":"<p>Raymundo Morales\/Zona Roja. Oaxaca de Ju\u00e1rez, Oax., a 5 de abril de 2025.- En los&hellip;<\/p>\n","protected":false},"author":2,"featured_media":79096,"comment_status":"closed","ping_status":"open","sticky":false,"template":"","format":"standard","meta":{"_lmt_disableupdate":"","_lmt_disable":"","_jetpack_memberships_contains_paid_content":false,"footnotes":""},"categories":[109,47],"tags":[],"class_list":["post-79095","post","type-post","status-publish","format-standard","has-post-thumbnail","hentry","category-minuto-a-minuto","category-zona-gris"],"jetpack_featured_media_url":"https:\/\/zonaroja.com.mx\/wp-content\/uploads\/2025\/04\/Taxi-desaparecido-Mixteca.jpg","jetpack_sharing_enabled":true,"_links":{"self":[{"href":"https:\/\/zonaroja.com.mx\/index.php?rest_route=\/wp\/v2\/posts\/79095","targetHints":{"allow":["GET"]}}],"collection":[{"href":"https:\/\/zonaroja.com.mx\/index.php?rest_route=\/wp\/v2\/posts"}],"about":[{"href":"https:\/\/zonaroja.com.mx\/index.php?rest_route=\/wp\/v2\/types\/post"}],"author":[{"embeddable":true,"href":"https:\/\/zonaroja.com.mx\/index.php?rest_route=\/wp\/v2\/users\/2"}],"replies":[{"embeddable":true,"href":"https:\/\/zonaroja.com.mx\/index.php?rest_route=%2Fwp%2Fv2%2Fcomments&post=79095"}],"version-history":[{"count":1,"href":"https:\/\/zonaroja.com.mx\/index.php?rest_route=\/wp\/v2\/posts\/79095\/revisions"}],"predecessor-version":[{"id":79097,"href":"https:\/\/zonaroja.com.mx\/index.php?rest_route=\/wp\/v2\/posts\/79095\/revisions\/79097"}],"wp:featuredmedia":[{"embeddable":true,"href":"https:\/\/zonaroja.com.mx\/index.php?rest_route=\/wp\/v2\/media\/79096"}],"wp:attachment":[{"href":"https:\/\/zonaroja.com.mx\/index.php?rest_route=%2Fwp%2Fv2%2Fmedia&parent=79095"}],"wp:term":[{"taxonomy":"category","embeddable":true,"href":"https:\/\/zonaroja.com.mx\/index.php?rest_route=%2Fwp%2Fv2%2Fcategories&post=79095"},{"taxonomy":"post_tag","embeddable":true,"href":"https:\/\/zonaroja.com.mx\/index.php?rest_route=%2Fwp%2Fv2%2Ftags&post=79095"}],"curies":[{"name":"wp","href":"https:\/\/api.w.org\/{rel}","templated":true}]}}