{"id":79098,"date":"2025-04-05T10:53:00","date_gmt":"2025-04-05T16:53:00","guid":{"rendered":"https:\/\/zonaroja.com.mx\/?p=79098"},"modified":"2025-04-05T07:54:58","modified_gmt":"2025-04-05T13:54:58","slug":"ayuntamiento-de-xoxocotlan-y-el-inah-acuerdan-preservar-y-difundir-el-patrimonio","status":"publish","type":"post","link":"https:\/\/zonaroja.com.mx\/?p=79098","title":{"rendered":"Ayuntamiento de Xoxocotl\u00e1n y el INAH acuerdan preservar y difundir el patrimonio"},"content":{"rendered":"\n<p>Redacci\u00f3n\/Zona Roja.<\/p>\n\n\n\n<p>Oaxaca de Ju\u00e1rez, Oax., a 5 de abril de 2025. En un esfuerzo por fortalecer la identidad cultural del municipio y salvar su riqueza hist\u00f3rica, el Honorable Ayuntamiento de Santa Cruz Xoxocotl\u00e1n y el Instituto Nacional de Antropolog\u00eda e Historia (INAH) firmaron un convenio de colaboraci\u00f3n que permitir\u00e1 desarrollar un programa cultural permanente enfocado en la preservaci\u00f3n, estudio y difusi\u00f3n del patrimonio tangible e intangible del municipio.&nbsp;&nbsp;<\/p>\n\n\n\n<p>Durante el acto protocolario, la presidenta municipal, Nancy Ben\u00edtez Z\u00e1rate, acompa\u00f1ada de su Cabildo, expres\u00f3 que este acuerdo marca el inicio de una etapa de colaboraci\u00f3n estrat\u00e9gica que beneficiar\u00e1 a las instituciones firmantes, pero sobre todo a la comunidad xoxe\u00f1a. Asegur\u00f3 que, con este convenio, las autoridades municipales asumir\u00e1n con mayor responsabilidad su papel en la preservaci\u00f3n del legado ancestral.<\/p>\n\n\n\n<p>Ben\u00edtez Z\u00e1rate destac\u00f3 que este acuerdo no solo es un documento, sino una declaraci\u00f3n de principios que unir\u00e1 el conocimiento t\u00e9cnico del INAH con la gesti\u00f3n p\u00fablica local para acercar a las nuevas generaciones al legado hist\u00f3rico de Xoxocotl\u00e1n. Se\u00f1al\u00f3 que esta alianza tambi\u00e9n impulsar\u00e1 proyectos de infraestructura, actividades culturales y el fortalecimiento de la identidad local a trav\u00e9s de los artesanos y promotores culturales del municipio.<\/p>\n\n\n\n<p>En representaci\u00f3n del INAH, el director del Centro Regional en Oaxaca, Omar V\u00e1zquez Herrera , reconoci\u00f3 el valor hist\u00f3rico de Xoxocotl\u00e1n, al ser uno de los cuatro municipios que rodean el pol\u00edgono protegido de la zona arqueol\u00f3gica de Monte Alb\u00e1n. Recalc\u00f3 que esta alianza permitir\u00e1 coordinar acciones para la protecci\u00f3n del patrimonio cultural del municipio.<\/p>\n\n\n\n<p>\u201cEste documento nos permitir\u00e1 intervenir en la protecci\u00f3n, cuidado, estudio, conservaci\u00f3n y preservaci\u00f3n del patrimonio cultural, hist\u00f3rico y arqueol\u00f3gico de este important\u00edsimo municipio\u201d, se\u00f1al\u00f3 V\u00e1squez Herrera, \u201cXoxocotl\u00e1n es pr\u00e1cticamente descendiente de quienes habitaron lo que hoy conocemos como Monte Alb\u00e1n\u201d.<\/p>\n\n\n\n<p>El funcionario tambi\u00e9n reiter\u00f3 el compromiso del INAH para mantener una relaci\u00f3n abierta y colaborativa con el municipio, en la que cualquier acci\u00f3n relacionada con obras, proyectos tur\u00edsticos o actividades comunitarias que involucren el patrimonio arqueol\u00f3gico e hist\u00f3rico ser\u00e1 atendida con responsabilidad y apoyo institucional.<\/p>\n\n\n\n<p>Por su parte, el comisionado para la conservaci\u00f3n y difusi\u00f3n del patrimonio cultural del INAH Oaxaca, Crist\u00f3bal \u00c1ngel Mat\u00edas , subray\u00f3 que la firma del convenio es resultado de una visi\u00f3n compartida para revalorar la historia viva de Xoxocotl\u00e1n. Record\u00f3 que la zona forma parte de la \u00faltima gran urbe zapoteca y que los habitantes actuales son herederos directos de esa civilizaci\u00f3n.<\/p>\n\n\n\n<p>\u00abNo olvidemos que somos los \u00faltimos descendientes de la zona de Monte Alb\u00e1n, esta \u00faltima urbe zapoteca. Debemos conservar sus tradiciones y costumbres. Firmar este acuerdo no es un chiste ni una imaginaci\u00f3n, es una necesidad hist\u00f3rica\u00bb, puntualiz\u00f3.<\/p>\n\n\n\n<p>La firma de este convenio representa el primer paso hacia un trabajo articulado que permita generar conciencia social sobre el valor del patrimonio cultural, fomentar el turismo responsable y fortalecer la educaci\u00f3n patrimonial desde las infancias.<\/p>\n","protected":false},"excerpt":{"rendered":"<p>Redacci\u00f3n\/Zona Roja. Oaxaca de Ju\u00e1rez, Oax., a 5 de abril de 2025. En un esfuerzo&hellip;<\/p>\n","protected":false},"author":2,"featured_media":79087,"comment_status":"closed","ping_status":"open","sticky":false,"template":"","format":"standard","meta":{"_lmt_disableupdate":"","_lmt_disable":"","_jetpack_memberships_contains_paid_content":false,"footnotes":""},"categories":[109,46],"tags":[133],"class_list":["post-79098","post","type-post","status-publish","format-standard","has-post-thumbnail","hentry","category-minuto-a-minuto","category-zona-blanca","tag-santa-cruz-xoxocotlan"],"jetpack_featured_media_url":"https:\/\/zonaroja.com.mx\/wp-content\/uploads\/2025\/04\/Firma-de-convenio-Xoxocotlan-e-INAH-3.jpeg","jetpack_sharing_enabled":true,"_links":{"self":[{"href":"https:\/\/zonaroja.com.mx\/index.php?rest_route=\/wp\/v2\/posts\/79098","targetHints":{"allow":["GET"]}}],"collection":[{"href":"https:\/\/zonaroja.com.mx\/index.php?rest_route=\/wp\/v2\/posts"}],"about":[{"href":"https:\/\/zonaroja.com.mx\/index.php?rest_route=\/wp\/v2\/types\/post"}],"author":[{"embeddable":true,"href":"https:\/\/zonaroja.com.mx\/index.php?rest_route=\/wp\/v2\/users\/2"}],"replies":[{"embeddable":true,"href":"https:\/\/zonaroja.com.mx\/index.php?rest_route=%2Fwp%2Fv2%2Fcomments&post=79098"}],"version-history":[{"count":1,"href":"https:\/\/zonaroja.com.mx\/index.php?rest_route=\/wp\/v2\/posts\/79098\/revisions"}],"predecessor-version":[{"id":79099,"href":"https:\/\/zonaroja.com.mx\/index.php?rest_route=\/wp\/v2\/posts\/79098\/revisions\/79099"}],"wp:featuredmedia":[{"embeddable":true,"href":"https:\/\/zonaroja.com.mx\/index.php?rest_route=\/wp\/v2\/media\/79087"}],"wp:attachment":[{"href":"https:\/\/zonaroja.com.mx\/index.php?rest_route=%2Fwp%2Fv2%2Fmedia&parent=79098"}],"wp:term":[{"taxonomy":"category","embeddable":true,"href":"https:\/\/zonaroja.com.mx\/index.php?rest_route=%2Fwp%2Fv2%2Fcategories&post=79098"},{"taxonomy":"post_tag","embeddable":true,"href":"https:\/\/zonaroja.com.mx\/index.php?rest_route=%2Fwp%2Fv2%2Ftags&post=79098"}],"curies":[{"name":"wp","href":"https:\/\/api.w.org\/{rel}","templated":true}]}}