{"id":79105,"date":"2025-04-05T10:22:41","date_gmt":"2025-04-05T16:22:41","guid":{"rendered":"https:\/\/zonaroja.com.mx\/?p=79105"},"modified":"2025-04-05T10:22:41","modified_gmt":"2025-04-05T16:22:41","slug":"confirma-la-sego-que-violencia-en-quiatoni-tiene-origen-en-decreto-legislativo","status":"publish","type":"post","link":"https:\/\/zonaroja.com.mx\/?p=79105","title":{"rendered":"Confirma la Sego que violencia en Quiatoni tiene origen en decreto legislativo&nbsp;"},"content":{"rendered":"\n<p>Redacci\u00f3n\/Zona Roja.&nbsp;<\/p>\n\n\n\n<p>Oaxaca de Ju\u00e1rez, Oax. 5 de abril de 2025.- La Secretar\u00eda de Gobierno de Oaxaca &nbsp;(Sego) exhort\u00f3 a la cabecera municipal y localidades de San Pedro Quiatoni a mantener la paz social y cesar los actos de violencia.<\/p>\n\n\n\n<p>En un comunicado, expuso que el origen de este conflicto \u2014que anoche dej\u00f3 como saldo preliminar tres personas fallecidas y una veintena de lesionados\u2014 data de septiembre de 2024, tras lo cual se han celebrado cerca de diez mesas de atenci\u00f3n para alcanzar la conciliaci\u00f3n y paz entre las comunidades.<\/p>\n\n\n\n<p>El 27 de septiembre de 2024 el Congreso del Estado emiti\u00f3 el Decreto 2450, mediante el cual elev\u00f3 a agencia de polic\u00eda al n\u00facleo rural El Porvenir, perteneciente a San Pedro Quiatoni.<\/p>\n\n\n\n<p>Alegando violaci\u00f3n a su autonom\u00eda municipal, en octubre de 2024 la autoridad de Quiatoni impugn\u00f3 el decreto a trav\u00e9s de la controversia constitucional 293\/2024; el 12 de noviembre de ese mismo a\u00f1o, la Suprema Corte de Justicia de la Naci\u00f3n (SCJN) dej\u00f3 sin efectos el decreto, en tanto se resuelve la controversia.<\/p>\n\n\n\n<p>Pese a los llamados a privilegiar el di\u00e1logo y la paz, habitantes de El Romadito, respaldados por las autoridades de La Soledad Salinas, La Mancornada, Uni\u00f3n Ju\u00e1rez y El Porvenir, quienes se autodenominan \u201cLa Uni\u00f3n\u201d, instalaron hace unas semanas un bloqueo en el acceso al banco de piedra, que es fuente de abastecimiento para pobladores de Quiatoni.<\/p>\n\n\n\n<p>Luego de las diversas mesas de di\u00e1logo con las autoridades de cada una de las agencias y como una soluci\u00f3n para encontrar una salida pac\u00edfica a sus diferencias, el pasado 2 de abril se propuso reponer el proceso de elevaci\u00f3n del n\u00facleo rural El Porvenir, que es lo que dio origen a este conflicto intermunicipal, sin embargo \u201cLa Uni\u00f3n\u201d decidi\u00f3 no levantar el bloqueo carretero, lo que deton\u00f3 el enfrentamiento entre pobladores.<\/p>\n\n\n\n<p>La Secretar\u00eda de Gobierno se\u00f1al\u00f3 que a trav\u00e9s de las mesas de atenci\u00f3n celebradas con las autoridades de las agencias municipales de Quiatoni se ha exhortado reiteradamente a privilegiar el di\u00e1logo, y lament\u00f3 que lejos de buscar consensos y acuerdos, se hayan registrado hechos de violencia como los ocurridos el pasado viernes, pues recalc\u00f3 no son la v\u00eda para la soluci\u00f3n del conflicto agrario, por lo que ante la gravedad de lo sucedido se aplicar\u00e1 todo el peso de la ley.<\/p>\n","protected":false},"excerpt":{"rendered":"<p>Redacci\u00f3n\/Zona Roja.&nbsp; Oaxaca de Ju\u00e1rez, Oax. 5 de abril de 2025.- La Secretar\u00eda de Gobierno&hellip;<\/p>\n","protected":false},"author":2,"featured_media":79086,"comment_status":"closed","ping_status":"open","sticky":false,"template":"","format":"standard","meta":{"_lmt_disableupdate":"","_lmt_disable":"","_jetpack_memberships_contains_paid_content":false,"footnotes":""},"categories":[1,47],"tags":[],"class_list":["post-79105","post","type-post","status-publish","format-standard","has-post-thumbnail","hentry","category-sin-categoria","category-zona-gris"],"jetpack_featured_media_url":"https:\/\/zonaroja.com.mx\/wp-content\/uploads\/2025\/04\/San-Pedro-Quiatoni-1.jpg","jetpack_sharing_enabled":true,"_links":{"self":[{"href":"https:\/\/zonaroja.com.mx\/index.php?rest_route=\/wp\/v2\/posts\/79105","targetHints":{"allow":["GET"]}}],"collection":[{"href":"https:\/\/zonaroja.com.mx\/index.php?rest_route=\/wp\/v2\/posts"}],"about":[{"href":"https:\/\/zonaroja.com.mx\/index.php?rest_route=\/wp\/v2\/types\/post"}],"author":[{"embeddable":true,"href":"https:\/\/zonaroja.com.mx\/index.php?rest_route=\/wp\/v2\/users\/2"}],"replies":[{"embeddable":true,"href":"https:\/\/zonaroja.com.mx\/index.php?rest_route=%2Fwp%2Fv2%2Fcomments&post=79105"}],"version-history":[{"count":1,"href":"https:\/\/zonaroja.com.mx\/index.php?rest_route=\/wp\/v2\/posts\/79105\/revisions"}],"predecessor-version":[{"id":79106,"href":"https:\/\/zonaroja.com.mx\/index.php?rest_route=\/wp\/v2\/posts\/79105\/revisions\/79106"}],"wp:featuredmedia":[{"embeddable":true,"href":"https:\/\/zonaroja.com.mx\/index.php?rest_route=\/wp\/v2\/media\/79086"}],"wp:attachment":[{"href":"https:\/\/zonaroja.com.mx\/index.php?rest_route=%2Fwp%2Fv2%2Fmedia&parent=79105"}],"wp:term":[{"taxonomy":"category","embeddable":true,"href":"https:\/\/zonaroja.com.mx\/index.php?rest_route=%2Fwp%2Fv2%2Fcategories&post=79105"},{"taxonomy":"post_tag","embeddable":true,"href":"https:\/\/zonaroja.com.mx\/index.php?rest_route=%2Fwp%2Fv2%2Ftags&post=79105"}],"curies":[{"name":"wp","href":"https:\/\/api.w.org\/{rel}","templated":true}]}}