{"id":7911,"date":"2020-01-21T21:12:06","date_gmt":"2020-01-22T03:12:06","guid":{"rendered":"http:\/\/www.zonaroja.com.mx\/?p=7911"},"modified":"2020-01-21T21:12:09","modified_gmt":"2020-01-22T03:12:09","slug":"ex-trabajadoras-de-santa-lucia-piden-apoyo-de-amlo-acusan-a-dante-montano-de-actuar-como-el-prian","status":"publish","type":"post","link":"https:\/\/zonaroja.com.mx\/?p=7911","title":{"rendered":"Ex trabajadoras de Santa Luc\u00eda piden apoyo de AMLO, acusan a Dante Monta\u00f1o de actuar como el PRIAN"},"content":{"rendered":"\n<p>Redacci\u00f3n\/Zona Roja.<\/p>\n\n\n\n<p>Oaxaca de Ju\u00e1rez, Oax., 21 de enero de\n2020.- Durante la reciente gira del Presidente Andr\u00e9s Manuel L\u00f3pez Obrador por\nOaxaca, ex trabajadoras del ayuntamiento de Santa Luc\u00eda del Camino despedidas\ninjustamente, pidieron el apoyo y la intervenci\u00f3n del mandatario para obtener\nuna liquidaci\u00f3n justa y el cese a los actos de hostigamiento y acoso en su\ncontra.<\/p>\n\n\n\n<p>Mediante un documento firmado por\nX\u00f3chilt Piche Ruiz, Nashielly V\u00e1squez Garc\u00eda, Carlos Rodr\u00edguez P\u00e9rez, Leticia\nCastillo Aguilar y Adri\u00e1n Tejada Romero, manifestaron que pese a ser parte del\nequipo que en campa\u00f1a se encarg\u00f3 de buscar el&nbsp;\nvoto a favor del cambio de paradigma con Morena al frente, el edil Dante\nMonta\u00f1o Montero los despidi\u00f3 de forma injustificada.<\/p>\n\n\n\n<p>El ex personal municipal hizo presencia\nen la gira y con pancartas en mano pidieron \u201cBasta de atropellos en Santa Luc\u00eda\ndel Camino\u201d y \u201cSolicitamos apoyo ante injusticias en Santa Luc\u00eda del Camino\u201d.<\/p>\n\n\n\n<p>Aseguraron que Monta\u00f1o Montero ha\npisoteado los derechos de laborales y humillado a un aproximado de 20\ntrabajadoras y trabajadores obradoristas que lo dieron todo en la campa\u00f1a\nelectoral.<\/p>\n\n\n\n<p>\u201cSe ha venido manejando al estilo del\nPRIAN, al estilo de la mafia del poder contra la que tanto luchamos por a\u00f1os,\ncayendo de nueva cuenta en el nepotismo y favoritismo al interior de su\nadministraci\u00f3n\u201d, citan en el documento.<\/p>\n\n\n\n<p>Y es que de acuerdo con las y los\ndenunciantes, el actual presidente municipal y su c\u00edrculo m\u00e1s cercano tienen a\nfamiliares contratados y prestanombres dentro de la administraci\u00f3n, muchos de\nellos cobran sin trabajar.<\/p>\n\n\n\n<p>En este mismo sentido, indicaron que la\nmayor\u00eda de las empresas proveedoras del municipio tienen v\u00ednculos con Dante\nMonta\u00f1o, lo que cae en actos de corrupci\u00f3n que la administraci\u00f3n federal\nencabezada por L\u00f3pez Obrador que pondera los principios de \u201cno mentir, no robar\ny no traicionar\u201d.<\/p>\n\n\n\n<p>Por lo anterior, solicitaron la\nintervenci\u00f3n, el apoyo y respaldo presidencial a fin de que puedan ser\nliquidados conforme a la ley y se les brinde las garant\u00edas para que cesen las\nintimidaciones en su contra, ya que durante el a\u00f1o que laboraron en la administraci\u00f3n\nmunicipal se condujeron de forma \u00e9tica y profesional en sus funciones.<\/p>\n\n\n\n<p>\u201cEl espacio nos lo ganamos despu\u00e9s de\nrecorrer casa por casa, en el municipio, para hacer conciencia en la poblaci\u00f3n\ny dar a conocer el Proyecto Alternativo de Naci\u00f3n, nos enfocamos en ser parte\ndel cambio verdadero\u201d indicaron, por lo que calificaron de injusto el trato del\nedil de Santa Luc\u00eda del Camino y su despido.&nbsp;\n<\/p>\n","protected":false},"excerpt":{"rendered":"<p>Redacci\u00f3n\/Zona Roja. Oaxaca de Ju\u00e1rez, Oax., 21 de enero de 2020.- Durante la reciente gira&hellip;<\/p>\n","protected":false},"author":2,"featured_media":7912,"comment_status":"closed","ping_status":"open","sticky":false,"template":"","format":"standard","meta":{"_lmt_disableupdate":"","_lmt_disable":"","_jetpack_memberships_contains_paid_content":false,"footnotes":""},"categories":[109,47],"tags":[585,337],"class_list":["post-7911","post","type-post","status-publish","format-standard","has-post-thumbnail","hentry","category-minuto-a-minuto","category-zona-gris","tag-dante-montano-montero","tag-santa-lucia-del-camino"],"jetpack_featured_media_url":"https:\/\/zonaroja.com.mx\/wp-content\/uploads\/2020\/01\/Despedidos-Santa-Luc\u00eda-del-Camino.jpg","jetpack_sharing_enabled":true,"_links":{"self":[{"href":"https:\/\/zonaroja.com.mx\/index.php?rest_route=\/wp\/v2\/posts\/7911","targetHints":{"allow":["GET"]}}],"collection":[{"href":"https:\/\/zonaroja.com.mx\/index.php?rest_route=\/wp\/v2\/posts"}],"about":[{"href":"https:\/\/zonaroja.com.mx\/index.php?rest_route=\/wp\/v2\/types\/post"}],"author":[{"embeddable":true,"href":"https:\/\/zonaroja.com.mx\/index.php?rest_route=\/wp\/v2\/users\/2"}],"replies":[{"embeddable":true,"href":"https:\/\/zonaroja.com.mx\/index.php?rest_route=%2Fwp%2Fv2%2Fcomments&post=7911"}],"version-history":[{"count":1,"href":"https:\/\/zonaroja.com.mx\/index.php?rest_route=\/wp\/v2\/posts\/7911\/revisions"}],"predecessor-version":[{"id":7913,"href":"https:\/\/zonaroja.com.mx\/index.php?rest_route=\/wp\/v2\/posts\/7911\/revisions\/7913"}],"wp:featuredmedia":[{"embeddable":true,"href":"https:\/\/zonaroja.com.mx\/index.php?rest_route=\/wp\/v2\/media\/7912"}],"wp:attachment":[{"href":"https:\/\/zonaroja.com.mx\/index.php?rest_route=%2Fwp%2Fv2%2Fmedia&parent=7911"}],"wp:term":[{"taxonomy":"category","embeddable":true,"href":"https:\/\/zonaroja.com.mx\/index.php?rest_route=%2Fwp%2Fv2%2Fcategories&post=7911"},{"taxonomy":"post_tag","embeddable":true,"href":"https:\/\/zonaroja.com.mx\/index.php?rest_route=%2Fwp%2Fv2%2Ftags&post=7911"}],"curies":[{"name":"wp","href":"https:\/\/api.w.org\/{rel}","templated":true}]}}