{"id":79112,"date":"2025-04-06T07:00:36","date_gmt":"2025-04-06T13:00:36","guid":{"rendered":"https:\/\/zonaroja.com.mx\/?p=79112"},"modified":"2025-04-06T09:13:36","modified_gmt":"2025-04-06T15:13:36","slug":"recorre-gobernador-en-cuatro-dias-pueblos-de-la-cuenca-y-valles","status":"publish","type":"post","link":"https:\/\/zonaroja.com.mx\/?p=79112","title":{"rendered":"Recorre gobernador en cuatro d\u00edas, pueblos de la Cuenca y Valles\u00a0"},"content":{"rendered":"\n<p>Redacci\u00f3n\/Zona Roja.<\/p>\n\n\n\n<p>Oaxaca de Ju\u00e1rez, Oax., a 6 de abril de 2025.- Para llevar programas y acciones del gobierno de Oaxaca, a trav\u00e9s de la estrategia \u201cTrabajo que transforma tu municipio\u201d, el mandatario Salom\u00f3n Jara Cruz recorri\u00f3 durante cuatro d\u00edas comunidades de las regiones Cuenca del Papaloapan y Valles Centrales.<\/p>\n\n\n\n<p>La gira de trabajo inici\u00f3 el mi\u00e9rcoles 2 de abril, en visit\u00f3 San Juan Bautista Valle Nacional, Santa Mar\u00eda Jacatepec, San Jos\u00e9 Chiltepec y San Juan Bautista Tuxtepec.<\/p>\n\n\n\n<p>El jueves acudi\u00f3 a Loma Bonita, San Jos\u00e9 Cosolapa, Acatl\u00e1n de P\u00e9rez Figueroa y San Miguel Soyaltepec, mientras que el viernes estuvo en San Juan Bautista Tlacoatzintepec, San Felipe Usila, San Felipe Jalapa de D\u00edaz, San Pedro Ixcatl\u00e1n y San Lucas Ojitl\u00e1n.<\/p>\n\n\n\n<p>Ayer s\u00e1bado recorri\u00f3 Ejutla de Crespo, Ocotl\u00e1n de Morelos, Santa Cruz Xoxocotl\u00e1n y Santa Luc\u00eda del Camino.<\/p>\n\n\n\n<p>En cada uno de los municipios, refrend\u00f3 su respaldo a la poblaci\u00f3n oaxaque\u00f1a y destac\u00f3 el apoyo de la Presidenta de M\u00e9xico, Claudia Sheinbaum.<\/p>\n\n\n\n<p>Asimismo, destac\u00f3 las m\u00faltiples acciones que se han llevado a cabo pavimentaci\u00f3n de calles y carreteras; entrega de hidrates y tinacos para enfrentar la sequ\u00eda.<\/p>\n\n\n\n<p>Programas del DIF Oaxaca como Guisos de mi Pueblo, Desayuno de Letritas e Itacate de mi Coraz\u00f3n; apoyo a cl\u00ednicas y centros de salud; al campo y al sector educativo, entre otros.<\/p>\n","protected":false},"excerpt":{"rendered":"<p>Redacci\u00f3n\/Zona Roja. Oaxaca de Ju\u00e1rez, Oax., a 6 de abril de 2025.- Para llevar programas&hellip;<\/p>\n","protected":false},"author":2,"featured_media":79113,"comment_status":"closed","ping_status":"open","sticky":false,"template":"","format":"standard","meta":{"_lmt_disableupdate":"","_lmt_disable":"","_jetpack_memberships_contains_paid_content":false,"footnotes":""},"categories":[109,46],"tags":[939],"class_list":["post-79112","post","type-post","status-publish","format-standard","has-post-thumbnail","hentry","category-minuto-a-minuto","category-zona-blanca","tag-salomon-jara-cruz"],"jetpack_featured_media_url":"https:\/\/zonaroja.com.mx\/wp-content\/uploads\/2025\/04\/Transforma-Gobierno-de-Oaxaca-instalaciones-hidrosanitarias-de-Ocotlan-de-Morelos-4.jpeg","jetpack_sharing_enabled":true,"_links":{"self":[{"href":"https:\/\/zonaroja.com.mx\/index.php?rest_route=\/wp\/v2\/posts\/79112","targetHints":{"allow":["GET"]}}],"collection":[{"href":"https:\/\/zonaroja.com.mx\/index.php?rest_route=\/wp\/v2\/posts"}],"about":[{"href":"https:\/\/zonaroja.com.mx\/index.php?rest_route=\/wp\/v2\/types\/post"}],"author":[{"embeddable":true,"href":"https:\/\/zonaroja.com.mx\/index.php?rest_route=\/wp\/v2\/users\/2"}],"replies":[{"embeddable":true,"href":"https:\/\/zonaroja.com.mx\/index.php?rest_route=%2Fwp%2Fv2%2Fcomments&post=79112"}],"version-history":[{"count":2,"href":"https:\/\/zonaroja.com.mx\/index.php?rest_route=\/wp\/v2\/posts\/79112\/revisions"}],"predecessor-version":[{"id":79131,"href":"https:\/\/zonaroja.com.mx\/index.php?rest_route=\/wp\/v2\/posts\/79112\/revisions\/79131"}],"wp:featuredmedia":[{"embeddable":true,"href":"https:\/\/zonaroja.com.mx\/index.php?rest_route=\/wp\/v2\/media\/79113"}],"wp:attachment":[{"href":"https:\/\/zonaroja.com.mx\/index.php?rest_route=%2Fwp%2Fv2%2Fmedia&parent=79112"}],"wp:term":[{"taxonomy":"category","embeddable":true,"href":"https:\/\/zonaroja.com.mx\/index.php?rest_route=%2Fwp%2Fv2%2Fcategories&post=79112"},{"taxonomy":"post_tag","embeddable":true,"href":"https:\/\/zonaroja.com.mx\/index.php?rest_route=%2Fwp%2Fv2%2Ftags&post=79112"}],"curies":[{"name":"wp","href":"https:\/\/api.w.org\/{rel}","templated":true}]}}