{"id":79115,"date":"2025-04-06T09:30:00","date_gmt":"2025-04-06T15:30:00","guid":{"rendered":"https:\/\/zonaroja.com.mx\/?p=79115"},"modified":"2025-04-06T07:14:10","modified_gmt":"2025-04-06T13:14:10","slug":"acusa-la-soledad-salinas-que-fue-victima-de-emboscada-confirman-dos-muertos","status":"publish","type":"post","link":"https:\/\/zonaroja.com.mx\/?p=79115","title":{"rendered":"Acusa La Soledad Salinas que fue v\u00edctima de emboscada; confirman dos muertos"},"content":{"rendered":"\n<p>Ismael Garc\u00eda M.\/Zona Roja.<\/p>\n\n\n\n<p>Oaxaca de Ju\u00e1rez, Oax., a 6 de abril de 2025.- La agencia de La Soledad Salinas lament\u00f3 la agresi\u00f3n armada de la noche del viernes y acus\u00f3 que fue una emboscada por parte de autoridades y pobladores de la cabecera municipal, San Pedro Quiatoni.<\/p>\n\n\n\n<p>En tanto, la Fiscal\u00eda General del Estado de Oaxaca precis\u00f3 que son dos las v\u00edctimas del presunto enfrentamiento y que tiene identificadas a las personas fallecidas; no obstante, seg\u00fan versiones extraoficiales, hay una tercera persona que perdi\u00f3 la vida.<\/p>\n\n\n\n<p>\u201cLa agencia municipal de La Soledad Salinas informa a trav\u00e9s de este medio sobre los lamentables hechos ocurridos el d\u00eda 4 de abril del 2025, cuando ciudadanos de nuestra comunidad, en un esfuerzo por establecer di\u00e1logo con habitantes del municipio de San Pedro Quiatoni, fueron v\u00edctimas de una emboscada con armas de fuego\u201d, precis\u00f3 en un comunicado.<\/p>\n\n\n\n<p>Lament\u00f3 los acontecimientos y rechaz\u00f3 cualquier acto de violencia; \u201cla Soledad Salinas ha sido siempre un pueblo abierto al di\u00e1logo y a la b\u00fasqueda de soluciones pac\u00edficas ante cualquier diferencia\u201d.<\/p>\n\n\n\n<p>Demand\u00f3 a las autoridades a que se investiguen plenamente los hechos, se deslinden responsabilidades y se atienda el conflicto de manera inmediata, \u201cevitando as\u00ed que que escale a\u00fan m\u00e1s y poniendo fin a los enfrentamientos que tanto da\u00f1o han causado a nuestras tras comunidades\u201d.<\/p>\n\n\n\n<p>Reiter\u00f3 que la agencia no busca confrontaci\u00f3n, sino garantizar la seguridad y tranquilidad de sus habitantes e hizo un llamado a la autoridad de Quiatoni:<\/p>\n\n\n\n<p>\u201cHa llegado el momento de asumir la responsabilidad por las consecuencias de sus actos. Las decisiones que usted ha tomado -marcadas por la falta de di\u00e1logo, la indiferencia y la ambici\u00f3n- han derivado en hechos lamentables que pudieron evitarse.&nbsp;<\/p>\n\n\n\n<p>\u201cEl cargo p\u00fablico que ostenta no puede ser un espacio para dividir ni confrontar a los pueblos, sino una oportunidad para construir paz y entendimiento. Lo exhortamos a reflexionar, a actuar con responsabilidad y, sobre todo, con humanidad, ante el dolor que su pueblo enfrenta. Que los ciudadanos vean con claridad el impacto de sus acciones y decidan si ese es el liderazgo que merecen\u201d.<\/p>\n\n\n\n<p>QUIATONI DA SU VERSI\u00d3N<\/p>\n\n\n\n<p>Previo a ello, el ayuntamiento de San Pedro Quiatoni dio tambi\u00e9n su versi\u00f3n de los hechos que sucedieron alrededor de las 19:30 horas del pasado viernes cerca de la localidad de Uni\u00f3n Ju\u00e1rez.<\/p>\n\n\n\n<p>\u201cRechazamos en\u00e9rgicamente cualquier acto que atente contra la seguridad, integridad y paz social de nuestra comunidad. Este tipo de hechos no deben repetirse ni tener lugar en nuestra sociedad.<\/p>\n\n\n\n<p>\u201cSolicitamos a la Fiscal\u00eda General del Estado de Oaxaca que investigue los hechos con celeridad y transparencia para esclarecer responsabilidades. Asimismo, pedimos la presencia urgente de las fuerzas de seguridad p\u00fablica y Guardia Nacional para garantizar la tranquilidad en nuestra comunidad y prevenir nuevos incidentes\u201d, destac\u00f3.<\/p>\n\n\n\n<p>VERSI\u00d3N DE LA FISCAL\u00cdA<\/p>\n\n\n\n<p>Por su parte, ayer por la tarde la Fiscal\u00eda General del Estado de Oaxaca (FGEO) emiti\u00f3 un comunicado en que inform\u00f3 que realiza los trabajos ministeriales y periciales para definir las l\u00edneas de investigaci\u00f3n derivada de los hechos acontecidos el 4 de abril de 2025, en el municipio de San Pedro Quiatoni, \u201cen los que, de manera preliminar, se puede confirmar de manera oficial que perdieron la vida dos personas del sexo masculino\u201d.&nbsp;<\/p>\n\n\n\n<p>\u201cDe acuerdo con las entrevistas iniciales, se trat\u00f3 de una confrontaci\u00f3n entre pobladores de San Pedro Quiatoni y habitantes de la agencia de Soledad Salinas, perteneciente al mismo municipio, la cual ocurri\u00f3 en la comunidad de Uni\u00f3n Ju\u00e1rez.<\/p>\n\n\n\n<p>\u201cDerivado de estos hechos, dos personas del sexo masculino perdieron la vida a consecuencia de las lesiones infligidas por disparo de arma de fuego, una de ellas identificada por las iniciales J. M. -originario de San Pedro Quiatoni-, as\u00ed como O. S. S. -originario de Soledad Salinas.<\/p>\n\n\n\n<p>Seg\u00fan lo dio a conocer ayer la Secretar\u00eda de Gobierno, el conflicto deriv\u00f3 de la determinaci\u00f3n de la 65 Legislatura del Congreso del Estado, al cambiar de categor\u00eda de n\u00facleo rural a agencia a la comunidad de El Porvenir.<\/p>\n","protected":false},"excerpt":{"rendered":"<p>Ismael Garc\u00eda M.\/Zona Roja. Oaxaca de Ju\u00e1rez, Oax., a 6 de abril de 2025.- La&hellip;<\/p>\n","protected":false},"author":2,"featured_media":79085,"comment_status":"closed","ping_status":"open","sticky":false,"template":"","format":"standard","meta":{"_lmt_disableupdate":"","_lmt_disable":"","_jetpack_memberships_contains_paid_content":false,"footnotes":""},"categories":[109,47],"tags":[3157],"class_list":["post-79115","post","type-post","status-publish","format-standard","has-post-thumbnail","hentry","category-minuto-a-minuto","category-zona-gris","tag-san-pedro-quiatoni"],"jetpack_featured_media_url":"https:\/\/zonaroja.com.mx\/wp-content\/uploads\/2025\/04\/San-Pedro-Quiatoni-2.jpg","jetpack_sharing_enabled":true,"_links":{"self":[{"href":"https:\/\/zonaroja.com.mx\/index.php?rest_route=\/wp\/v2\/posts\/79115","targetHints":{"allow":["GET"]}}],"collection":[{"href":"https:\/\/zonaroja.com.mx\/index.php?rest_route=\/wp\/v2\/posts"}],"about":[{"href":"https:\/\/zonaroja.com.mx\/index.php?rest_route=\/wp\/v2\/types\/post"}],"author":[{"embeddable":true,"href":"https:\/\/zonaroja.com.mx\/index.php?rest_route=\/wp\/v2\/users\/2"}],"replies":[{"embeddable":true,"href":"https:\/\/zonaroja.com.mx\/index.php?rest_route=%2Fwp%2Fv2%2Fcomments&post=79115"}],"version-history":[{"count":1,"href":"https:\/\/zonaroja.com.mx\/index.php?rest_route=\/wp\/v2\/posts\/79115\/revisions"}],"predecessor-version":[{"id":79116,"href":"https:\/\/zonaroja.com.mx\/index.php?rest_route=\/wp\/v2\/posts\/79115\/revisions\/79116"}],"wp:featuredmedia":[{"embeddable":true,"href":"https:\/\/zonaroja.com.mx\/index.php?rest_route=\/wp\/v2\/media\/79085"}],"wp:attachment":[{"href":"https:\/\/zonaroja.com.mx\/index.php?rest_route=%2Fwp%2Fv2%2Fmedia&parent=79115"}],"wp:term":[{"taxonomy":"category","embeddable":true,"href":"https:\/\/zonaroja.com.mx\/index.php?rest_route=%2Fwp%2Fv2%2Fcategories&post=79115"},{"taxonomy":"post_tag","embeddable":true,"href":"https:\/\/zonaroja.com.mx\/index.php?rest_route=%2Fwp%2Fv2%2Ftags&post=79115"}],"curies":[{"name":"wp","href":"https:\/\/api.w.org\/{rel}","templated":true}]}}