{"id":79120,"date":"2025-04-06T12:00:00","date_gmt":"2025-04-06T18:00:00","guid":{"rendered":"https:\/\/zonaroja.com.mx\/?p=79120"},"modified":"2025-04-06T07:17:56","modified_gmt":"2025-04-06T13:17:56","slug":"llega-primer-vuelo-de-houston-texas-a-puerto-escondido","status":"publish","type":"post","link":"https:\/\/zonaroja.com.mx\/?p=79120","title":{"rendered":"Llega primer vuelo de Houston, Texas, a Puerto Escondido"},"content":{"rendered":"\n<p>Redacci\u00f3n\/Zona Roja.&nbsp;<\/p>\n\n\n\n<p>Oaxaca de Ju\u00e1rez, Oax., a 6 de abril de 2025.- La secretaria de Turismo Saymi Pineda Velasco, encabez\u00f3 la bienvenida a las y los pasajeros del primer vuelo internacional Houston-Puerto Escondido-Houston de United Airlines, lo que representa un puente de prosperidad para las familias de la regi\u00f3n Costa.<\/p>\n\n\n\n<p>En la recepci\u00f3n del vuelo, Pineda Velasco destac\u00f3 que Puerto Escondido tiene el respaldo total del Gobernador Salom\u00f3n Jara Cruz para lograr que el turismo se convierta en un motor de desarrollo econ\u00f3mico y de justicia social para las y los oaxaque\u00f1os.<\/p>\n\n\n\n<p>Luego de 40 a\u00f1os, el Aeropuerto Internacional de Puerto Escondido conecta con Estados Unidos a trav\u00e9s de un vuelo comercial, que operar\u00e1 con una frecuencia semanal cada s\u00e1bado con un equipo Embraer E-175 y 70 asientos disponibles.<\/p>\n\n\n\n<p>Ante el manager Latin Network Planning United, Tom Kozlowski, la funcionaria dijo que hoy como nunca, Puerto Escondido escribe un nuevo cap\u00edtulo en su historia, ya que este primer vuelo internacional es un hito que marca el inicio de una nueva era para este destino tur\u00edstico.<\/p>\n\n\n\n<p>En este sentido destac\u00f3 que el primer paso para la modernizaci\u00f3n de esta terminal fue la inversi\u00f3n hist\u00f3rica de 200 millones de d\u00f3lares anunciada por el Gobierno de M\u00e9xico y la visita que realiz\u00f3 en enero pasado la Presidenta Claudia Sheinbaum, quien constat\u00f3 de primera mano los avances.<\/p>\n\n\n\n<p>Este logro se dio gracias a la coordinaci\u00f3n, la suma de voluntades y el involucramiento de todas las partes que quieren ver a Puerto Escondido en otro nivel.<\/p>\n\n\n\n<p>Pineda Velasco resalt\u00f3 que durante 2024 esta terminal acumul\u00f3 3 mil 110 frecuencias, ofert\u00f3 519 mil 573 asientos disponibles con una ocupaci\u00f3n del 78.9 por ciento, lo que permiti\u00f3 un flujo de 848 mil 501 pasajeros.<\/p>\n\n\n\n<p>Indic\u00f3 que, para el primer bimestre de este a\u00f1o, la ocupaci\u00f3n a\u00e9rea creci\u00f3 3.86 puntos porcentuales en este aeropuerto y con la modernizaci\u00f3n de esta terminal, cerca de 3 millones de personas pasajeras ser\u00e1n atendidas anualmente en instalaciones dignas de un destino internacional.<\/p>\n\n\n\n<p>Finalmente, agreg\u00f3 que, con m\u00e1s de 2 mil 500 asientos adicionales y 31 frecuencias de abril a diciembre, este vuelo conectar\u00e1 indirectamente con destinos internacionales de los cinco continentes.<\/p>\n","protected":false},"excerpt":{"rendered":"<p>Redacci\u00f3n\/Zona Roja.&nbsp; Oaxaca de Ju\u00e1rez, Oax., a 6 de abril de 2025.- La secretaria de&hellip;<\/p>\n","protected":false},"author":2,"featured_media":79121,"comment_status":"closed","ping_status":"open","sticky":false,"template":"","format":"standard","meta":{"_lmt_disableupdate":"","_lmt_disable":"","_jetpack_memberships_contains_paid_content":false,"footnotes":""},"categories":[109,46],"tags":[1031],"class_list":["post-79120","post","type-post","status-publish","format-standard","has-post-thumbnail","hentry","category-minuto-a-minuto","category-zona-blanca","tag-secretaria-de-turismo-oaxaca"],"jetpack_featured_media_url":"https:\/\/zonaroja.com.mx\/wp-content\/uploads\/2025\/04\/Llega-primer-vuelo-de-Houston-a-Puerto-Escondido-un-puente-a-la-prosperidad-Sectur-Oaxaca-1.jpeg","jetpack_sharing_enabled":true,"_links":{"self":[{"href":"https:\/\/zonaroja.com.mx\/index.php?rest_route=\/wp\/v2\/posts\/79120","targetHints":{"allow":["GET"]}}],"collection":[{"href":"https:\/\/zonaroja.com.mx\/index.php?rest_route=\/wp\/v2\/posts"}],"about":[{"href":"https:\/\/zonaroja.com.mx\/index.php?rest_route=\/wp\/v2\/types\/post"}],"author":[{"embeddable":true,"href":"https:\/\/zonaroja.com.mx\/index.php?rest_route=\/wp\/v2\/users\/2"}],"replies":[{"embeddable":true,"href":"https:\/\/zonaroja.com.mx\/index.php?rest_route=%2Fwp%2Fv2%2Fcomments&post=79120"}],"version-history":[{"count":1,"href":"https:\/\/zonaroja.com.mx\/index.php?rest_route=\/wp\/v2\/posts\/79120\/revisions"}],"predecessor-version":[{"id":79122,"href":"https:\/\/zonaroja.com.mx\/index.php?rest_route=\/wp\/v2\/posts\/79120\/revisions\/79122"}],"wp:featuredmedia":[{"embeddable":true,"href":"https:\/\/zonaroja.com.mx\/index.php?rest_route=\/wp\/v2\/media\/79121"}],"wp:attachment":[{"href":"https:\/\/zonaroja.com.mx\/index.php?rest_route=%2Fwp%2Fv2%2Fmedia&parent=79120"}],"wp:term":[{"taxonomy":"category","embeddable":true,"href":"https:\/\/zonaroja.com.mx\/index.php?rest_route=%2Fwp%2Fv2%2Fcategories&post=79120"},{"taxonomy":"post_tag","embeddable":true,"href":"https:\/\/zonaroja.com.mx\/index.php?rest_route=%2Fwp%2Fv2%2Ftags&post=79120"}],"curies":[{"name":"wp","href":"https:\/\/api.w.org\/{rel}","templated":true}]}}