{"id":79125,"date":"2025-04-06T13:00:00","date_gmt":"2025-04-06T19:00:00","guid":{"rendered":"https:\/\/zonaroja.com.mx\/?p=79125"},"modified":"2025-04-06T07:20:13","modified_gmt":"2025-04-06T13:20:13","slug":"confirma-la-cnte-que-habra-paro-indefinido-de-labores","status":"publish","type":"post","link":"https:\/\/zonaroja.com.mx\/?p=79125","title":{"rendered":"Confirma la CNTE que habr\u00e1 paro indefinido de labores"},"content":{"rendered":"\n<p>Redacci\u00f3n\/Zona Roja Cdmx.<\/p>\n\n\n\n<p>Ciudad de M\u00e9xico, a 6 de abril de 2025.- La Coordinadora Nacional de Trabajadores de la Educaci\u00f3n (CNTE) anunci\u00f3 la realizaci\u00f3n de un paro indefinido de labores para continuar con su exigencia de demandas al gobierno federal.<\/p>\n\n\n\n<p>Aunque la presidenta Claudia Sheinbaum retir\u00f3 una iniciativa de reforma al ISSSTE y firm\u00f3 un decreto para congelar la edad de jubilaci\u00f3n de los trabajadores del Estado, dos de las exigencias del magisterio disidente, la CNTE opt\u00f3 por mantener sus protestas.<\/p>\n\n\n\n<p>Tras realizar un foro nacional con sus agremiados, la Coordinadora inform\u00f3 que listar\u00e1 el paro indefinido de labores en conjunto con otros sindicatos, organizaciones sociales y derechohabientes del ISSSTE, sin confirmar la fecha de inicio.<\/p>\n\n\n\n<p>A trav\u00e9s de un pronunciamiento, la CNTE explic\u00f3 que las acciones de la Presidencia de la Rep\u00fablica no resuelven las problem\u00e1ticas que originaron sus demandas.<\/p>\n\n\n\n<p>\u00abNo es el congelamiento de la edad de jubilaci\u00f3n sin quitar totalmente la tabla de edad lo que nos beneficiar\u00e1, se requiere la abrogaci\u00f3n de la Ley del ISSSTE de 2007\u201d, anot\u00f3.<\/p>\n\n\n\n<p>La CNTE comenz\u00f3 una serie de manifestaciones desde principios de marzo, despu\u00e9s de que la presidenta Sheinbaum presentara un propuesta de reforma a la Ley del ISSSTE el pasado 7 de febrero.<\/p>\n\n\n\n<p>Los profesores consideraron que esa modificaci\u00f3n, que propon\u00eda cambiar la f\u00f3rmula para calcular la aportaci\u00f3n de los trabajadores del estado a la seguridad social, elevar\u00eda las cuotas que pagan al ISSSTE de su salario.<\/p>\n\n\n\n<p>Luego de una primera manifestaci\u00f3n en varios puntos de la Ciudad de M\u00e9xico, Sheinbaum acept\u00f3 reunirse con integrantes de la CNTE y cancel\u00f3 la reforma al ISSSTE.<\/p>\n\n\n\n<p>Sin embargo, un d\u00eda despu\u00e9s, el magisterio realiz\u00f3 un paro de 72 horas, del 19 al 21 de marzo, al considerar que su demanda principal era la abrogaci\u00f3n de la Ley del ISSSTE de 2007. As\u00ed que la Coordinadora instal\u00f3 un plant\u00f3 en el Z\u00f3calo de la Ciudad de M\u00e9xico y durante tres d\u00edas realiz\u00f3 enormes protestas en avenidas principales, en el aeropuerto capitalino y en diversos estados del pa\u00eds.<\/p>\n\n\n\n<p>La CNTE demanda tambi\u00e9n regresar al antiguo sistema de pensiones, que no utilizaba las Afores. Pero la presidenta ha explicado que no puede comprometer los recursos p\u00fablicos para ese fin, aunque ofreci\u00f3 complementar sus jubilaciones con el Fondo de Pensiones para el Bienestar. Se trata de un fideicomiso p\u00fablico destinado a los trabajadores que reciben una pensi\u00f3n menor a la cantidad de su \u00faltimo salario.<\/p>\n\n\n\n<p>Adem\u00e1s, la presidenta firm\u00f3 este lunes un decreto que mantiene la edad de jubilaci\u00f3n en 58 a\u00f1os para los hombres y en 56 para las mujeres, debido a que la ley establec\u00eda que la edad para el retiro aumentara cada dos a\u00f1os. Tambi\u00e9n congela aquellos cr\u00e9ditos hipotecarios que se volvieron impagables por los intereses.<\/p>\n\n\n\n<p>Sin embargo, la CNTE se\u00f1al\u00f3 al gobierno federal de supuestamente favorecer a empresas con el Fondo para la Vivienda del ISSSTE.<\/p>\n\n\n\n<p>\u00abAunque prometan la quita de intereses para el pronto pago de los cr\u00e9ditos hipotecarios, la realidad es que buscan la recapitalizaci\u00f3n del Fovissste para beneficiar a un reducido grupo de 22 familias empresariales mexicanas, que han acumulado su fortuna al amparo del poder pol\u00edtico\u00bb, acus\u00f3 en el pronunciamiento.<\/p>\n\n\n\n<p>(Informaci\u00f3n de \u201cExpansi\u00f3n Pol\u00edtica\u201d)<\/p>\n","protected":false},"excerpt":{"rendered":"<p>Redacci\u00f3n\/Zona Roja Cdmx. Ciudad de M\u00e9xico, a 6 de abril de 2025.- La Coordinadora Nacional&hellip;<\/p>\n","protected":false},"author":2,"featured_media":68206,"comment_status":"closed","ping_status":"open","sticky":false,"template":"","format":"standard","meta":{"_lmt_disableupdate":"","_lmt_disable":"","_jetpack_memberships_contains_paid_content":false,"footnotes":""},"categories":[109,47],"tags":[1283],"class_list":["post-79125","post","type-post","status-publish","format-standard","has-post-thumbnail","hentry","category-minuto-a-minuto","category-zona-gris","tag-coordinadora-nacional-de-trabajadores-de-la-educacion-cnte"],"jetpack_featured_media_url":"https:\/\/zonaroja.com.mx\/wp-content\/uploads\/2024\/05\/CNTE-Coordinadora-Educacion.jpg","jetpack_sharing_enabled":true,"_links":{"self":[{"href":"https:\/\/zonaroja.com.mx\/index.php?rest_route=\/wp\/v2\/posts\/79125","targetHints":{"allow":["GET"]}}],"collection":[{"href":"https:\/\/zonaroja.com.mx\/index.php?rest_route=\/wp\/v2\/posts"}],"about":[{"href":"https:\/\/zonaroja.com.mx\/index.php?rest_route=\/wp\/v2\/types\/post"}],"author":[{"embeddable":true,"href":"https:\/\/zonaroja.com.mx\/index.php?rest_route=\/wp\/v2\/users\/2"}],"replies":[{"embeddable":true,"href":"https:\/\/zonaroja.com.mx\/index.php?rest_route=%2Fwp%2Fv2%2Fcomments&post=79125"}],"version-history":[{"count":1,"href":"https:\/\/zonaroja.com.mx\/index.php?rest_route=\/wp\/v2\/posts\/79125\/revisions"}],"predecessor-version":[{"id":79126,"href":"https:\/\/zonaroja.com.mx\/index.php?rest_route=\/wp\/v2\/posts\/79125\/revisions\/79126"}],"wp:featuredmedia":[{"embeddable":true,"href":"https:\/\/zonaroja.com.mx\/index.php?rest_route=\/wp\/v2\/media\/68206"}],"wp:attachment":[{"href":"https:\/\/zonaroja.com.mx\/index.php?rest_route=%2Fwp%2Fv2%2Fmedia&parent=79125"}],"wp:term":[{"taxonomy":"category","embeddable":true,"href":"https:\/\/zonaroja.com.mx\/index.php?rest_route=%2Fwp%2Fv2%2Fcategories&post=79125"},{"taxonomy":"post_tag","embeddable":true,"href":"https:\/\/zonaroja.com.mx\/index.php?rest_route=%2Fwp%2Fv2%2Ftags&post=79125"}],"curies":[{"name":"wp","href":"https:\/\/api.w.org\/{rel}","templated":true}]}}