{"id":7914,"date":"2020-01-21T21:34:44","date_gmt":"2020-01-22T03:34:44","guid":{"rendered":"http:\/\/www.zonaroja.com.mx\/?p=7914"},"modified":"2020-01-21T21:34:47","modified_gmt":"2020-01-22T03:34:47","slug":"mas-desapariciones-de-personas-en-huautla-ahora-un-medico-del-imss","status":"publish","type":"post","link":"https:\/\/zonaroja.com.mx\/?p=7914","title":{"rendered":"M\u00e1s desapariciones de personas en Huautla; ahora un m\u00e9dico del IMSS"},"content":{"rendered":"\n<p>Yuridiana Sosa\/Zona Roja.<\/p>\n\n\n\n<p>Oaxaca de Ju\u00e1rez, Oax., 21 de enero de\n2020.-&nbsp; Un profesor lanz\u00f3 un llamado a la\npoblaci\u00f3n para pedir ayuda en la localizaci\u00f3n de su hijo, de quien se perdi\u00f3\ncomunicaci\u00f3n luego que el joven abord\u00f3 un servicio de taxi en el municipio de\nHuautla de Jim\u00e9nez, este 20 de enero.<\/p>\n\n\n\n<p>El joven desaparecido, Oth\u00f3n Rodr\u00edguez\nHern\u00e1ndez, es trabajador del Hospital Rural n\u00famero 43 del Instituto Mexicano\ndel Seguro Social (IMSS), inform\u00f3 el padre, Oth\u00f3n Rodr\u00edguez Mart\u00ednez, a trav\u00e9s\nde un mensaje que difundi\u00f3 en redes sociales.<\/p>\n\n\n\n<p>De acuerdo con la versi\u00f3n del padre y\ntestigos, Rodr\u00edguez Hern\u00e1ndez fue bajado del taxi colectivo donde viajaba del\nnosocomio con destino a su vivienda, a unos tres kil\u00f3metros de distancia,\naproximadamente a las 20:30 horas de ayer.<\/p>\n\n\n\n<p>El profesor, padre del joven, sali\u00f3 del\nhospital en su horario habitual, pero no lleg\u00f3 a su domicilio, por lo que\ndifundi\u00f3 su b\u00fasqueda. Como se\u00f1as particulares, el joven tiene tatuajes en los\nbrazos.<\/p>\n\n\n\n<p>Tan s\u00f3lo en lo que va del mes de enero, m\u00e1s de 30 personas se han reportadas como no localizadas, de acuerdo a las fichas de b\u00fasquedas difundidas por la unidas de personas no localizadas de la Fiscal\u00eda General del Estado. Pero hasta ahora, la b\u00fasqueda de Oth\u00f3n no se ha oficializado.<\/p>\n\n\n\n<p>En Huautla, desde el a\u00f1o pasado y a la fecha se han denunciado al menos 15 personas desaparecidas, en su mayor\u00eda a\u00fan no localizadas.<\/p>\n","protected":false},"excerpt":{"rendered":"<p>Yuridiana Sosa\/Zona Roja. Oaxaca de Ju\u00e1rez, Oax., 21 de enero de 2020.-&nbsp; Un profesor lanz\u00f3&hellip;<\/p>\n","protected":false},"author":2,"featured_media":7915,"comment_status":"closed","ping_status":"open","sticky":false,"template":"","format":"standard","meta":{"_lmt_disableupdate":"","_lmt_disable":"","_jetpack_memberships_contains_paid_content":false,"footnotes":""},"categories":[109,47],"tags":[203],"class_list":["post-7914","post","type-post","status-publish","format-standard","has-post-thumbnail","hentry","category-minuto-a-minuto","category-zona-gris","tag-huautla-de-jimenez"],"jetpack_featured_media_url":"https:\/\/zonaroja.com.mx\/wp-content\/uploads\/2020\/01\/PHOTO-2020-01-21-21-31-09.jpg","jetpack_sharing_enabled":true,"_links":{"self":[{"href":"https:\/\/zonaroja.com.mx\/index.php?rest_route=\/wp\/v2\/posts\/7914","targetHints":{"allow":["GET"]}}],"collection":[{"href":"https:\/\/zonaroja.com.mx\/index.php?rest_route=\/wp\/v2\/posts"}],"about":[{"href":"https:\/\/zonaroja.com.mx\/index.php?rest_route=\/wp\/v2\/types\/post"}],"author":[{"embeddable":true,"href":"https:\/\/zonaroja.com.mx\/index.php?rest_route=\/wp\/v2\/users\/2"}],"replies":[{"embeddable":true,"href":"https:\/\/zonaroja.com.mx\/index.php?rest_route=%2Fwp%2Fv2%2Fcomments&post=7914"}],"version-history":[{"count":1,"href":"https:\/\/zonaroja.com.mx\/index.php?rest_route=\/wp\/v2\/posts\/7914\/revisions"}],"predecessor-version":[{"id":7916,"href":"https:\/\/zonaroja.com.mx\/index.php?rest_route=\/wp\/v2\/posts\/7914\/revisions\/7916"}],"wp:featuredmedia":[{"embeddable":true,"href":"https:\/\/zonaroja.com.mx\/index.php?rest_route=\/wp\/v2\/media\/7915"}],"wp:attachment":[{"href":"https:\/\/zonaroja.com.mx\/index.php?rest_route=%2Fwp%2Fv2%2Fmedia&parent=7914"}],"wp:term":[{"taxonomy":"category","embeddable":true,"href":"https:\/\/zonaroja.com.mx\/index.php?rest_route=%2Fwp%2Fv2%2Fcategories&post=7914"},{"taxonomy":"post_tag","embeddable":true,"href":"https:\/\/zonaroja.com.mx\/index.php?rest_route=%2Fwp%2Fv2%2Ftags&post=7914"}],"curies":[{"name":"wp","href":"https:\/\/api.w.org\/{rel}","templated":true}]}}