{"id":79140,"date":"2025-04-07T08:15:00","date_gmt":"2025-04-07T14:15:00","guid":{"rendered":"https:\/\/zonaroja.com.mx\/?p=79140"},"modified":"2025-04-07T07:24:07","modified_gmt":"2025-04-07T13:24:07","slug":"registran-crimenes-matias-romero-miahuatlan-y-panixtlahuaca","status":"publish","type":"post","link":"https:\/\/zonaroja.com.mx\/?p=79140","title":{"rendered":"Registran cr\u00edmenes Mat\u00edas Romero, Miahuatl\u00e1n y Panixtlahuaca"},"content":{"rendered":"\n<p>Raymundo Morales\/Zona Roja.<\/p>\n\n\n\n<p>Oaxaca de Ju\u00e1rez, Oax., a 7 de abril de 2025.- Una persona del sexo masculino fue asesinada anoche en el municipio de Mat\u00edas Romero, en la zona norte del Istmo.<\/p>\n\n\n\n<p>El ataque armado ocurri\u00f3 en la calle Guerrero, en el centro de dicha municipalidad y la v\u00edctima fue identificada de manera preliminar como Victoriano F. R. M.<\/p>\n\n\n\n<p>A pesar de que el crimen se perpetr\u00f3 en c\u00e9ntricas calles, no hubo polic\u00edas municipales que pudieran actuar con rapidez para buscar y detener a los agresores.<\/p>\n\n\n\n<p>EN MIAHUATL\u00c1N<\/p>\n\n\n\n<p>Por otra parte, en el municipio de Mihuatl\u00e1n de Porfirio D\u00edaz, ayer por la ma\u00f1ana fue acribillado un individuo, en la calle Octavio Ramos esqu\u00ednala con Zaragoza, del barrio San Francisco.<\/p>\n\n\n\n<p>La v\u00edctima que fue identificada como Virgilio B. R. D., fue trasladada en un veh\u00edculo particular al hospital del IMSS, pero falleci\u00f3 cuando recib\u00eda atenci\u00f3n m\u00e9dica, debido a la gravedad de las lesiones.<\/p>\n\n\n\n<p>EN PANIXTLAHUACA<\/p>\n\n\n\n<p>Mientras que la noche del s\u00e1bado, en el municipio coste\u00f1o de San Miguel Panixtlahuaca, un individuo fue asesinado por disparos de arma de fuego.<\/p>\n\n\n\n<p>El hombre respondi\u00f3 en vida al nombre de Herminio O. S., de 46 a\u00f1os de edad y quien al momento se desempe\u00f1aba como regidor de Seguridad del ayuntamiento.<\/p>\n\n\n\n<p>Por otra parte, en la capital oaxaque\u00f1a una persona fue golpeada ayer por la tarde, en inmediaciones de la Central de Abasto de la capital.<\/p>\n\n\n\n<p>Presuntamente se trata de un delincuente, que fue atrapado por los comerciantes, quienes le dieron una golpiza a manera de escarmiento; la polic\u00eda municipal lleg\u00f3 tarde al lugar de los hechos.<\/p>\n\n\n\n<p>Mientras que tambi\u00e9n ayer pero en la carretera federal 175 Oaxaca-Puerto \u00c1ngel, a la altura de la llamada \u201cCuesta de Ocotl\u00e1n\u201d, un taxista del sitio \u201cReyes Mantec\u00f3n\u201d, con n\u00famero econ\u00f3mico 06-126, fue golpeado con machete presuntamente por un grupo de \u201ccholos\u201d.<\/p>\n\n\n\n<p>Elementos de la Polic\u00eda Estatal arribaron al sitio pero solamente para tomar conocimiento de los hechos, mientras que un grupo de param\u00e9dicos atendi\u00f3 a la v\u00edctima.<\/p>\n\n\n\n<p>Apenas la semana pasada, en la misma zona, a la altura de la colonia Impulso, otra persona fue agredida tambi\u00e9n por \u201ccholos\u201d.<\/p>\n","protected":false},"excerpt":{"rendered":"<p>Raymundo Morales\/Zona Roja. Oaxaca de Ju\u00e1rez, Oax., a 7 de abril de 2025.- Una persona&hellip;<\/p>\n","protected":false},"author":2,"featured_media":69717,"comment_status":"closed","ping_status":"open","sticky":false,"template":"","format":"standard","meta":{"_lmt_disableupdate":"","_lmt_disable":"","_jetpack_memberships_contains_paid_content":false,"footnotes":""},"categories":[109,51],"tags":[4054,169],"class_list":["post-79140","post","type-post","status-publish","format-standard","has-post-thumbnail","hentry","category-minuto-a-minuto","category-zona-roja","tag-asesinato-matias-romero","tag-miahuatlan-de-porfirio-diaz"],"jetpack_featured_media_url":"https:\/\/zonaroja.com.mx\/wp-content\/uploads\/2024\/06\/Escena-del-crimen-asesinato.jpeg","jetpack_sharing_enabled":true,"_links":{"self":[{"href":"https:\/\/zonaroja.com.mx\/index.php?rest_route=\/wp\/v2\/posts\/79140","targetHints":{"allow":["GET"]}}],"collection":[{"href":"https:\/\/zonaroja.com.mx\/index.php?rest_route=\/wp\/v2\/posts"}],"about":[{"href":"https:\/\/zonaroja.com.mx\/index.php?rest_route=\/wp\/v2\/types\/post"}],"author":[{"embeddable":true,"href":"https:\/\/zonaroja.com.mx\/index.php?rest_route=\/wp\/v2\/users\/2"}],"replies":[{"embeddable":true,"href":"https:\/\/zonaroja.com.mx\/index.php?rest_route=%2Fwp%2Fv2%2Fcomments&post=79140"}],"version-history":[{"count":1,"href":"https:\/\/zonaroja.com.mx\/index.php?rest_route=\/wp\/v2\/posts\/79140\/revisions"}],"predecessor-version":[{"id":79141,"href":"https:\/\/zonaroja.com.mx\/index.php?rest_route=\/wp\/v2\/posts\/79140\/revisions\/79141"}],"wp:featuredmedia":[{"embeddable":true,"href":"https:\/\/zonaroja.com.mx\/index.php?rest_route=\/wp\/v2\/media\/69717"}],"wp:attachment":[{"href":"https:\/\/zonaroja.com.mx\/index.php?rest_route=%2Fwp%2Fv2%2Fmedia&parent=79140"}],"wp:term":[{"taxonomy":"category","embeddable":true,"href":"https:\/\/zonaroja.com.mx\/index.php?rest_route=%2Fwp%2Fv2%2Fcategories&post=79140"},{"taxonomy":"post_tag","embeddable":true,"href":"https:\/\/zonaroja.com.mx\/index.php?rest_route=%2Fwp%2Fv2%2Ftags&post=79140"}],"curies":[{"name":"wp","href":"https:\/\/api.w.org\/{rel}","templated":true}]}}