{"id":79142,"date":"2025-04-07T09:15:00","date_gmt":"2025-04-07T15:15:00","guid":{"rendered":"https:\/\/zonaroja.com.mx\/?p=79142"},"modified":"2025-04-07T08:02:46","modified_gmt":"2025-04-07T14:02:46","slug":"exigen-justicia-para-fotografos-que-murieron-en-percance-en-la-cdmx","status":"publish","type":"post","link":"https:\/\/zonaroja.com.mx\/?p=79142","title":{"rendered":"Exigen justicia para fot\u00f3grafos que murieron en percance en la Cdmx"},"content":{"rendered":"\n<p>Redacci\u00f3n\/Zona Roja Cdmx.<\/p>\n\n\n\n<p>Ciudad de M\u00e9xico, a 7 de abril de 2025.- El Festival Axe Ceremonia, celebrado en el Parque Bicentenario en la Ciudad de M\u00e9xico, se vio marcado por una tragedia el pasado s\u00e1bado 5 de abril, cuando una estructura met\u00e1lica colaps\u00f3, provocando la muerte de dos fot\u00f3grafos que se encontraban cubriendo el evento.<\/p>\n\n\n\n<p>Las v\u00edctimas fueron identificadas como Miguel Hern\u00e1ndez y Berenice Giles, quienes realizaban la cobertura period\u00edstica en el lugar y trabajaban para el medio Mr. Indie.<\/p>\n\n\n\n<p>Las v\u00edctimas fueron retiradas del parque y trasladados a un hospital donde seg\u00fan informes del servicio de salud p\u00fablico IMSS confirm\u00f3 por medio de una tarjeta informativa que fueron atendidos por traumatismo craneoencef\u00e1lico y fracturas, no obstante llegaron sin signos vitales al nosocomio.<\/p>\n\n\n\n<p>El domingo 6 de abril, al exterior del Instituto de Ciencias Forenses, las familias de los j\u00f3venes acudieron para que se les entragaran los cuerpos, por lo que el padre de Berenice, Ra\u00fal Giles, fue abordado por algunos medios de comunicaci\u00f3n, donde platic\u00f3 a N+ y Telediario acerca del trabajo que realizaba su hija.<\/p>\n\n\n\n<p>\u201cA mi hija le fascinaba su trabajo. Era tanta su pasi\u00f3n por el trabajo que muri\u00f3 en esa pasi\u00f3n&#8230; Algo que no deb\u00eda suceder, porque fue una negligencia tener un objeto tan pesado y poner en riesgo a dos personas. Porque no solo fue mi hija, tambi\u00e9n fue su amigo que falleci\u00f3 junto con ella\u201d, revel\u00f3 el padre de la joven fot\u00f3grafa.<\/p>\n\n\n\n<p>\u201cLos familiares de Miguel \u00c1ngel y nosotros estamos en la misma situaci\u00f3n (&#8230;) Me duele mucho porque ahora es mi hija. Pero la gente que asiste a esos lugares debe tener mucho cuidado y exigir m\u00e1s seguridad porque todos estamos expuestos\u201d, coment\u00f3 Ra\u00fal Giles.<\/p>\n\n\n\n<p>De igual manera expres\u00f3 su descontento ante la falta de claridad en las investigaciones relacionadas con el tr\u00e1gico suceso. El hombre se\u00f1al\u00f3 que a\u00fan no ha recibido informaci\u00f3n completa sobre las circunstancias que llevaron a la muerte de su hija, lo que ha generado dudas y preocupaci\u00f3n en torno al manejo del caso.<\/p>\n\n\n\n<p>Esta falta de comunicaci\u00f3n ha sido interpretada como un acto de indolencia no solo por parte de las instituciones encargadas de la investigaci\u00f3n, sino tambi\u00e9n por los organizadores y empresarios responsables del evento masivo.<\/p>\n\n\n\n<p>Por otro lado, Luis Hern\u00e1ndez, primo de Miguel Hern\u00e1ndez dio a conocer que a la madre del fot\u00f3grafo fallecido le avisaron varias horas despu\u00e9s de lo sucedido. \u201cNos parte el alma saber que desde que pas\u00f3 este incidente a mi t\u00eda le llamen hasta las 12 de la noche. En ese lapso \u00bfqu\u00e9 pasa? Sigue el concierto, no sabemos nada de mi primo, empieza a entrar esa desesperaci\u00f3n\u201d, denunci\u00f3.<\/p>\n\n\n\n<p>Hasta el momento las autoridades informaron que dos funcionarios ser\u00e1n sometidos a investigaci\u00f3n, se trata de el Director Responsable de Obra y el Responsable Oficial de Protecci\u00f3n Civil quienes habr\u00edan sido contratados por los organizadores del festival.<\/p>\n\n\n\n<p>(Informaci\u00f3n de Infobae M\u00e9xico)<\/p>\n","protected":false},"excerpt":{"rendered":"<p>Redacci\u00f3n\/Zona Roja Cdmx. Ciudad de M\u00e9xico, a 7 de abril de 2025.- El Festival Axe&hellip;<\/p>\n","protected":false},"author":2,"featured_media":79143,"comment_status":"closed","ping_status":"open","sticky":false,"template":"","format":"standard","meta":{"_lmt_disableupdate":"","_lmt_disable":"","_jetpack_memberships_contains_paid_content":false,"footnotes":""},"categories":[109,47],"tags":[],"class_list":["post-79142","post","type-post","status-publish","format-standard","has-post-thumbnail","hentry","category-minuto-a-minuto","category-zona-gris"],"jetpack_featured_media_url":"https:\/\/zonaroja.com.mx\/wp-content\/uploads\/2025\/04\/Fotografos-accidente-ciudad-de-Mexico.jpg","jetpack_sharing_enabled":true,"_links":{"self":[{"href":"https:\/\/zonaroja.com.mx\/index.php?rest_route=\/wp\/v2\/posts\/79142","targetHints":{"allow":["GET"]}}],"collection":[{"href":"https:\/\/zonaroja.com.mx\/index.php?rest_route=\/wp\/v2\/posts"}],"about":[{"href":"https:\/\/zonaroja.com.mx\/index.php?rest_route=\/wp\/v2\/types\/post"}],"author":[{"embeddable":true,"href":"https:\/\/zonaroja.com.mx\/index.php?rest_route=\/wp\/v2\/users\/2"}],"replies":[{"embeddable":true,"href":"https:\/\/zonaroja.com.mx\/index.php?rest_route=%2Fwp%2Fv2%2Fcomments&post=79142"}],"version-history":[{"count":1,"href":"https:\/\/zonaroja.com.mx\/index.php?rest_route=\/wp\/v2\/posts\/79142\/revisions"}],"predecessor-version":[{"id":79144,"href":"https:\/\/zonaroja.com.mx\/index.php?rest_route=\/wp\/v2\/posts\/79142\/revisions\/79144"}],"wp:featuredmedia":[{"embeddable":true,"href":"https:\/\/zonaroja.com.mx\/index.php?rest_route=\/wp\/v2\/media\/79143"}],"wp:attachment":[{"href":"https:\/\/zonaroja.com.mx\/index.php?rest_route=%2Fwp%2Fv2%2Fmedia&parent=79142"}],"wp:term":[{"taxonomy":"category","embeddable":true,"href":"https:\/\/zonaroja.com.mx\/index.php?rest_route=%2Fwp%2Fv2%2Fcategories&post=79142"},{"taxonomy":"post_tag","embeddable":true,"href":"https:\/\/zonaroja.com.mx\/index.php?rest_route=%2Fwp%2Fv2%2Ftags&post=79142"}],"curies":[{"name":"wp","href":"https:\/\/api.w.org\/{rel}","templated":true}]}}