{"id":79147,"date":"2025-04-07T10:59:00","date_gmt":"2025-04-07T16:59:00","guid":{"rendered":"https:\/\/zonaroja.com.mx\/?p=79147"},"modified":"2025-04-07T10:01:33","modified_gmt":"2025-04-07T16:01:33","slug":"retienen-y-encarcelan-a-edil-de-coixtlahuaca-oaxaca","status":"publish","type":"post","link":"https:\/\/zonaroja.com.mx\/?p=79147","title":{"rendered":"Retienen y encarcelan a edil de Coixtlahuaca, Oaxaca"},"content":{"rendered":"\n<p>Raymundo Morales\/Zona Roja.<\/p>\n\n\n\n<p>Oaxaca de Ju\u00e1rez, Oax., a 7 de abril de 2025.- Por no rendir cuentas de los recursos presupuestales, el presidente municipal de San Juan Bautista Coixtlahuaca, Horacio Miguel Cruz, y su Cabildo, fueron encarcelados.<\/p>\n\n\n\n<p>La retenci\u00f3n y encarcelamiento ocurri\u00f3 ayer en la comunidad de Llano de las Culebras durante una asamblea, en que acusaron a las autoridades de no rendir cuentas de lo alrededor de 15 millones de pesos de presupuesto.<\/p>\n\n\n\n<p>De la misma manera, acusaron que no hay obra p\u00fablica en su agencia municipal, por lo cual determinaron impedir el retiro de las autoridades municipales, encabezadas por el edil.<\/p>\n\n\n\n<p>Demandaron asimismo el apoyo de la Secretar\u00eda de Gobierno del Estado de Oaxaca, para dirimir el conflicto; sin embargo, como respuesta recibieron que deber\u00edan trasladarse a la capital para efectuar una reuni\u00f3n de trabajo.<\/p>\n\n\n\n<p>Por lo cual, ante la nula respuesta, prev\u00e9n bloquear en el transcurso de este d\u00eda la supercarretera Oaxaca-Cuacnopalan, a la altura de Coixtlahuaca.<\/p>\n","protected":false},"excerpt":{"rendered":"<p>Raymundo Morales\/Zona Roja. Oaxaca de Ju\u00e1rez, Oax., a 7 de abril de 2025.- Por no&hellip;<\/p>\n","protected":false},"author":2,"featured_media":79148,"comment_status":"closed","ping_status":"open","sticky":false,"template":"","format":"standard","meta":{"_lmt_disableupdate":"","_lmt_disable":"","_jetpack_memberships_contains_paid_content":false,"footnotes":""},"categories":[109,47],"tags":[4272],"class_list":["post-79147","post","type-post","status-publish","format-standard","has-post-thumbnail","hentry","category-minuto-a-minuto","category-zona-gris","tag-san-juan-bautista-coixtlahuaca"],"jetpack_featured_media_url":"https:\/\/zonaroja.com.mx\/wp-content\/uploads\/2025\/04\/Gn5opBIWMAAUL2r.jpeg","jetpack_sharing_enabled":true,"_links":{"self":[{"href":"https:\/\/zonaroja.com.mx\/index.php?rest_route=\/wp\/v2\/posts\/79147","targetHints":{"allow":["GET"]}}],"collection":[{"href":"https:\/\/zonaroja.com.mx\/index.php?rest_route=\/wp\/v2\/posts"}],"about":[{"href":"https:\/\/zonaroja.com.mx\/index.php?rest_route=\/wp\/v2\/types\/post"}],"author":[{"embeddable":true,"href":"https:\/\/zonaroja.com.mx\/index.php?rest_route=\/wp\/v2\/users\/2"}],"replies":[{"embeddable":true,"href":"https:\/\/zonaroja.com.mx\/index.php?rest_route=%2Fwp%2Fv2%2Fcomments&post=79147"}],"version-history":[{"count":1,"href":"https:\/\/zonaroja.com.mx\/index.php?rest_route=\/wp\/v2\/posts\/79147\/revisions"}],"predecessor-version":[{"id":79149,"href":"https:\/\/zonaroja.com.mx\/index.php?rest_route=\/wp\/v2\/posts\/79147\/revisions\/79149"}],"wp:featuredmedia":[{"embeddable":true,"href":"https:\/\/zonaroja.com.mx\/index.php?rest_route=\/wp\/v2\/media\/79148"}],"wp:attachment":[{"href":"https:\/\/zonaroja.com.mx\/index.php?rest_route=%2Fwp%2Fv2%2Fmedia&parent=79147"}],"wp:term":[{"taxonomy":"category","embeddable":true,"href":"https:\/\/zonaroja.com.mx\/index.php?rest_route=%2Fwp%2Fv2%2Fcategories&post=79147"},{"taxonomy":"post_tag","embeddable":true,"href":"https:\/\/zonaroja.com.mx\/index.php?rest_route=%2Fwp%2Fv2%2Ftags&post=79147"}],"curies":[{"name":"wp","href":"https:\/\/api.w.org\/{rel}","templated":true}]}}