{"id":79166,"date":"2025-04-08T07:22:39","date_gmt":"2025-04-08T13:22:39","guid":{"rendered":"https:\/\/zonaroja.com.mx\/?p=79166"},"modified":"2025-04-08T07:22:40","modified_gmt":"2025-04-08T13:22:40","slug":"asesinan-a-dos-personas-en-la-mixteca-y-a-otra-en-la-costa","status":"publish","type":"post","link":"https:\/\/zonaroja.com.mx\/?p=79166","title":{"rendered":"Asesinan a dos personas en la Mixteca y a otra en la Costa"},"content":{"rendered":"\n<p>Ismael Garc\u00eda M.\/Zona Roja.<\/p>\n\n\n\n<p>Oaxaca de Ju\u00e1rez, Oax., a 8 de abril de 2025.- Dos personas fueron asesinadas a balazos en San Andr\u00e9s Yutat\u00edo, localidad de la regi\u00f3n Mixteca, en que adem\u00e1s se report\u00f3 la retenci\u00f3n de polic\u00edas.<\/p>\n\n\n\n<p>Los hechos sucedieron entre la tarde y noche de ayer en dicha agencia, perteneciente al municipio de Tezoatl\u00e1n de Segura y Luna, en que sujetos desconocidos dispararon en contra de los pobladores, a\u00fan no identificados, quienes perdieron la vida al instante.<\/p>\n\n\n\n<p>Tras ello, elementos de la Polic\u00eda Estatal activaron operativos de b\u00fasqueda y detuvieron a dos sospechosos de cometer los cr\u00edmenes; sin embargo, los habitantes retuvieron a los uniformados para que entregaran a los detenidos.<\/p>\n\n\n\n<p>Hasta esta ma\u00f1ana no se tiene mayor informaci\u00f3n respecto a la situaci\u00f3n, pues los pobladores insist\u00edan en hacer justicia por su propia mano.<\/p>\n\n\n\n<p>EN JAMILTEPEC<\/p>\n\n\n\n<p>Por otra parte, la ma\u00f1ana de ayer una persona del sexo masculino fue hallada sin vida en camino a la localidad de Totonilco, perteneciente al municipio de Santiago Jamiltepec.<\/p>\n\n\n\n<p>La v\u00edctima presentaba varios impactos de arma de fuego y fue identificada como Mario S. P., originario de Santiago Pinotepa Nacional. Hasta el momento no hay m\u00e1s informaci\u00f3n acerca de probables detenidos y el caso lo investiga la Vicefiscal\u00eda Regional de la Mixteca, perteneciente a la Fiscal\u00eda General del Estado de Oaxaca.<\/p>\n","protected":false},"excerpt":{"rendered":"<p>Ismael Garc\u00eda M.\/Zona Roja. Oaxaca de Ju\u00e1rez, Oax., a 8 de abril de 2025.- Dos&hellip;<\/p>\n","protected":false},"author":2,"featured_media":79168,"comment_status":"closed","ping_status":"open","sticky":false,"template":"","format":"standard","meta":{"_lmt_disableupdate":"","_lmt_disable":"","_jetpack_memberships_contains_paid_content":false,"footnotes":""},"categories":[109,51],"tags":[1622,797],"class_list":["post-79166","post","type-post","status-publish","format-standard","has-post-thumbnail","hentry","category-minuto-a-minuto","category-zona-roja","tag-san-andres-yutatio","tag-santiago-jamiltepec"],"jetpack_featured_media_url":"https:\/\/zonaroja.com.mx\/wp-content\/uploads\/2025\/04\/San-Andres-Yutatio-2.jpg","jetpack_sharing_enabled":true,"_links":{"self":[{"href":"https:\/\/zonaroja.com.mx\/index.php?rest_route=\/wp\/v2\/posts\/79166","targetHints":{"allow":["GET"]}}],"collection":[{"href":"https:\/\/zonaroja.com.mx\/index.php?rest_route=\/wp\/v2\/posts"}],"about":[{"href":"https:\/\/zonaroja.com.mx\/index.php?rest_route=\/wp\/v2\/types\/post"}],"author":[{"embeddable":true,"href":"https:\/\/zonaroja.com.mx\/index.php?rest_route=\/wp\/v2\/users\/2"}],"replies":[{"embeddable":true,"href":"https:\/\/zonaroja.com.mx\/index.php?rest_route=%2Fwp%2Fv2%2Fcomments&post=79166"}],"version-history":[{"count":1,"href":"https:\/\/zonaroja.com.mx\/index.php?rest_route=\/wp\/v2\/posts\/79166\/revisions"}],"predecessor-version":[{"id":79169,"href":"https:\/\/zonaroja.com.mx\/index.php?rest_route=\/wp\/v2\/posts\/79166\/revisions\/79169"}],"wp:featuredmedia":[{"embeddable":true,"href":"https:\/\/zonaroja.com.mx\/index.php?rest_route=\/wp\/v2\/media\/79168"}],"wp:attachment":[{"href":"https:\/\/zonaroja.com.mx\/index.php?rest_route=%2Fwp%2Fv2%2Fmedia&parent=79166"}],"wp:term":[{"taxonomy":"category","embeddable":true,"href":"https:\/\/zonaroja.com.mx\/index.php?rest_route=%2Fwp%2Fv2%2Fcategories&post=79166"},{"taxonomy":"post_tag","embeddable":true,"href":"https:\/\/zonaroja.com.mx\/index.php?rest_route=%2Fwp%2Fv2%2Ftags&post=79166"}],"curies":[{"name":"wp","href":"https:\/\/api.w.org\/{rel}","templated":true}]}}