{"id":7917,"date":"2020-01-21T22:00:10","date_gmt":"2020-01-22T04:00:10","guid":{"rendered":"http:\/\/www.zonaroja.com.mx\/?p=7917"},"modified":"2020-01-21T22:01:50","modified_gmt":"2020-01-22T04:01:50","slug":"grupo-armado-siembra-terror-en-temascal-soyaltepec-habria-muertos","status":"publish","type":"post","link":"https:\/\/zonaroja.com.mx\/?p=7917","title":{"rendered":"Grupo armado siembra terror en Temascal, Soyaltepec; habr\u00eda muertos"},"content":{"rendered":"\n<p>Redacci\u00f3n\/Zona Roja.<\/p>\n\n\n\n<p>Oaxaca de Ju\u00e1rez, Oax., 21 de enero de\n2020.- Un comando compuesto por al menos 20 individuos con armas de grueso\ncalibre y a bordo de una decena de veh\u00edculos ingres\u00f3 hoy a Temascal, San Miguel\nSoyaltepec, Oaxaca, y efectu\u00f3 disparos continuos por varios minutos.<\/p>\n\n\n\n<p>De acuerdo con un video que circul\u00f3 a trav\u00e9s de las redes sociales, la poblaci\u00f3n se tuvo que resguardar en sus domicilios en tanto que los comercios cerraron sus puertas.<\/p>\n\n\n\n<figure class=\"wp-block-embed-twitter wp-block-embed is-type-rich is-provider-twitter\"><div class=\"wp-block-embed__wrapper\">\n<div class=\"twitter-tweet\"><blockquote class=\"twitter-tweet\" data-lang=\"es\"><p lang=\"es\" dir=\"ltr\"><a href=\"https:\/\/twitter.com\/hashtag\/OaxacaRojo?src=hash&amp;ref_src=twsrc%5Etfw\">#OaxacaRojo<\/a><br>En Temascal, centro de Soyaltepec, regi\u00f3n de la Cuenca de Oaxaca, reportan la incursi\u00f3n de un grupo armado, que realiza detonaciones intensas; una familia grab\u00f3 estas escenas: <a href=\"https:\/\/t.co\/M2CwlLC8IH\">pic.twitter.com\/M2CwlLC8IH<\/a><\/p>&mdash; Zona Roja Oaxaca (@MexRoja) <a href=\"https:\/\/twitter.com\/MexRoja\/status\/1219802294931402752?ref_src=twsrc%5Etfw\">22 de enero de 2020<\/a><\/blockquote><\/div>\n<\/div><\/figure>\n\n\n\n<p>El saldo preliminar, a\u00fan no confirmado\nde manera oficial, ser\u00eda de dos personas asesinadas y al menos cinco\ndesaparecidas. Presuntamente acudieron elementos de la Polic\u00eda Estatal,\nEj\u00e9rcito Mexicano y Guardia Nacional para verificar la situaci\u00f3n, pero no hay\nm\u00e1s datos.<\/p>\n\n\n\n<p>Apenas el pasado lunes, en los l\u00edmites\nde Temascal, Oaxaca, con Veracruz, fueron localizados los cuerpos de tres\npersonas del sexo masculino, maniatados, torturados y con huellas de ejecuci\u00f3n.<\/p>\n\n\n\n<p>Tanto la Fiscal\u00eda General del Estado\ncomo la Secretar\u00eda de Seguridad P\u00fablica han guardado hermetismo al respecto.<\/p>\n","protected":false},"excerpt":{"rendered":"<p>Redacci\u00f3n\/Zona Roja. Oaxaca de Ju\u00e1rez, Oax., 21 de enero de 2020.- Un comando compuesto por&hellip;<\/p>\n","protected":false},"author":2,"featured_media":7918,"comment_status":"closed","ping_status":"open","sticky":false,"template":"","format":"standard","meta":{"_lmt_disableupdate":"","_lmt_disable":"","_jetpack_memberships_contains_paid_content":false,"footnotes":""},"categories":[109,51],"tags":[1306],"class_list":["post-7917","post","type-post","status-publish","format-standard","has-post-thumbnail","hentry","category-minuto-a-minuto","category-zona-roja","tag-temascal-san-miguel-soyaltepec"],"jetpack_featured_media_url":"https:\/\/zonaroja.com.mx\/wp-content\/uploads\/2020\/01\/Temascal.jpg","jetpack_sharing_enabled":true,"_links":{"self":[{"href":"https:\/\/zonaroja.com.mx\/index.php?rest_route=\/wp\/v2\/posts\/7917","targetHints":{"allow":["GET"]}}],"collection":[{"href":"https:\/\/zonaroja.com.mx\/index.php?rest_route=\/wp\/v2\/posts"}],"about":[{"href":"https:\/\/zonaroja.com.mx\/index.php?rest_route=\/wp\/v2\/types\/post"}],"author":[{"embeddable":true,"href":"https:\/\/zonaroja.com.mx\/index.php?rest_route=\/wp\/v2\/users\/2"}],"replies":[{"embeddable":true,"href":"https:\/\/zonaroja.com.mx\/index.php?rest_route=%2Fwp%2Fv2%2Fcomments&post=7917"}],"version-history":[{"count":2,"href":"https:\/\/zonaroja.com.mx\/index.php?rest_route=\/wp\/v2\/posts\/7917\/revisions"}],"predecessor-version":[{"id":7920,"href":"https:\/\/zonaroja.com.mx\/index.php?rest_route=\/wp\/v2\/posts\/7917\/revisions\/7920"}],"wp:featuredmedia":[{"embeddable":true,"href":"https:\/\/zonaroja.com.mx\/index.php?rest_route=\/wp\/v2\/media\/7918"}],"wp:attachment":[{"href":"https:\/\/zonaroja.com.mx\/index.php?rest_route=%2Fwp%2Fv2%2Fmedia&parent=7917"}],"wp:term":[{"taxonomy":"category","embeddable":true,"href":"https:\/\/zonaroja.com.mx\/index.php?rest_route=%2Fwp%2Fv2%2Fcategories&post=7917"},{"taxonomy":"post_tag","embeddable":true,"href":"https:\/\/zonaroja.com.mx\/index.php?rest_route=%2Fwp%2Fv2%2Ftags&post=7917"}],"curies":[{"name":"wp","href":"https:\/\/api.w.org\/{rel}","templated":true}]}}