{"id":79170,"date":"2025-04-08T09:00:00","date_gmt":"2025-04-08T15:00:00","guid":{"rendered":"https:\/\/zonaroja.com.mx\/?p=79170"},"modified":"2025-04-08T07:26:56","modified_gmt":"2025-04-08T13:26:56","slug":"en-48-horas-accidentes-dejan-al-menos-7-fallecidos","status":"publish","type":"post","link":"https:\/\/zonaroja.com.mx\/?p=79170","title":{"rendered":"En 48 horas accidentes dejan al menos 7 fallecidos"},"content":{"rendered":"\n<p>Raymundo Morales\/Zona Roja.<\/p>\n\n\n\n<p>Oaxaca de Ju\u00e1rez, Oax., a 8 de abril de 2025.- Al menos siete personas perdieron la vida en Oaxaca durante un lapso de 48 horas, debido a accidentes.<\/p>\n\n\n\n<p>La Coordinaci\u00f3n Estatal de Protecci\u00f3n Civil del estado confirm\u00f3 la localizaci\u00f3n ayer del cuerpo sin vida de Miguel \u00c1ngel R. M., de 22 a\u00f1os de edad, en playa Zicatela, Puerto Escondido.<\/p>\n\n\n\n<p>Junto con su hermano Benjam\u00edn, de 26 a\u00f1os, originarios del Estado de M\u00e9xico, se meti\u00f3 a nadar la tarde del s\u00e1bado en dicha playa, pero la corriente de agua los arrastr\u00f3; este \u00faltimo logr\u00f3 ser rescatado por personal del Heroico Cuerpo de Bomberos y se encuentra a\u00fan recibiendo atenci\u00f3n m\u00e9dica.<\/p>\n\n\n\n<p>Tambi\u00e9n ayer, el titular de Protecci\u00f3n Civil, Manuel Maza S\u00e1nchez, inform\u00f3 que un grupo de personas originarias de La Granja, Veracruz, acudi\u00f3 a nadar al r\u00edo \u201cTonto\u201d en jurisdicci\u00f3n del municipio de&nbsp; San Miguel Soyaltepec , pero un menor de edad desapareci\u00f3 a la altura del paraje \u201cEncajonada\u201d.<\/p>\n\n\n\n<p>Carlos P. M., de 15 a\u00f1os de edad, fue arrastrado por la corriente, debido a que fue desfogada la presa de la zona y fue rescatado sin vida.<\/p>\n\n\n\n<p>Tambi\u00e9n ayer por la ma\u00f1ana se registr\u00f3 un percance entre un veh\u00edculo particular y una unidad de carga pesada, en la carretera federal 185 tramo Mat\u00edas Romero-Palomares.<\/p>\n\n\n\n<p>El saldo fue de tres personas fallecidas y al menos cuatro lesionadas, que viajaban en una camioneta de carga y pasaje y que choc\u00f3 con la parte trasera de un cami\u00f3n de carga.<\/p>\n\n\n\n<p>Igualmente este lunes ocurri\u00f3 un percance en la carretera federal 200 de la regi\u00f3n Costa, a la altura de la comunidad de Copalita, municipio de San Miguel del Puerto, donde perdi\u00f3 la vida un motociclista.<\/p>\n\n\n\n<p>Fue identificado como Aeneas Murray, de origen belga, quien muri\u00f3 tras un choque con un tr\u00e1iler; se inform\u00f3 que resid\u00eda en Puerto Escondido.<\/p>\n\n\n\n<p>Mientras tanto el domingo un joven de 18 a\u00f1os de edad muri\u00f3 a causa de un accidente ocurrido en la carretera local que comunica a la agencia de Corralero con la cabecera municipal de Pinotepa Nacional.<\/p>\n\n\n\n<p>La v\u00edctima fue identificada como&nbsp; Jonathan Brayan R. L., originario de Pinotepa.<\/p>\n","protected":false},"excerpt":{"rendered":"<p>Raymundo Morales\/Zona Roja. Oaxaca de Ju\u00e1rez, Oax., a 8 de abril de 2025.- Al menos&hellip;<\/p>\n","protected":false},"author":2,"featured_media":79171,"comment_status":"closed","ping_status":"open","sticky":false,"template":"","format":"standard","meta":{"_lmt_disableupdate":"","_lmt_disable":"","_jetpack_memberships_contains_paid_content":false,"footnotes":""},"categories":[109,47],"tags":[3416],"class_list":["post-79170","post","type-post","status-publish","format-standard","has-post-thumbnail","hentry","category-minuto-a-minuto","category-zona-gris","tag-accidentes-carreteros-oaxaca"],"jetpack_featured_media_url":"https:\/\/zonaroja.com.mx\/wp-content\/uploads\/2025\/04\/Accidente-zona-norte-del-Istmo.jpg","jetpack_sharing_enabled":true,"_links":{"self":[{"href":"https:\/\/zonaroja.com.mx\/index.php?rest_route=\/wp\/v2\/posts\/79170","targetHints":{"allow":["GET"]}}],"collection":[{"href":"https:\/\/zonaroja.com.mx\/index.php?rest_route=\/wp\/v2\/posts"}],"about":[{"href":"https:\/\/zonaroja.com.mx\/index.php?rest_route=\/wp\/v2\/types\/post"}],"author":[{"embeddable":true,"href":"https:\/\/zonaroja.com.mx\/index.php?rest_route=\/wp\/v2\/users\/2"}],"replies":[{"embeddable":true,"href":"https:\/\/zonaroja.com.mx\/index.php?rest_route=%2Fwp%2Fv2%2Fcomments&post=79170"}],"version-history":[{"count":2,"href":"https:\/\/zonaroja.com.mx\/index.php?rest_route=\/wp\/v2\/posts\/79170\/revisions"}],"predecessor-version":[{"id":79174,"href":"https:\/\/zonaroja.com.mx\/index.php?rest_route=\/wp\/v2\/posts\/79170\/revisions\/79174"}],"wp:featuredmedia":[{"embeddable":true,"href":"https:\/\/zonaroja.com.mx\/index.php?rest_route=\/wp\/v2\/media\/79171"}],"wp:attachment":[{"href":"https:\/\/zonaroja.com.mx\/index.php?rest_route=%2Fwp%2Fv2%2Fmedia&parent=79170"}],"wp:term":[{"taxonomy":"category","embeddable":true,"href":"https:\/\/zonaroja.com.mx\/index.php?rest_route=%2Fwp%2Fv2%2Fcategories&post=79170"},{"taxonomy":"post_tag","embeddable":true,"href":"https:\/\/zonaroja.com.mx\/index.php?rest_route=%2Fwp%2Fv2%2Ftags&post=79170"}],"curies":[{"name":"wp","href":"https:\/\/api.w.org\/{rel}","templated":true}]}}