{"id":79181,"date":"2025-04-08T11:01:00","date_gmt":"2025-04-08T17:01:00","guid":{"rendered":"https:\/\/zonaroja.com.mx\/?p=79181"},"modified":"2025-04-08T08:08:38","modified_gmt":"2025-04-08T14:08:38","slug":"catean-domicilio-en-santa-lucia-del-camino-y-detienen-a-dos-con-drogas","status":"publish","type":"post","link":"https:\/\/zonaroja.com.mx\/?p=79181","title":{"rendered":"Catean domicilio en Santa Luc\u00eda del Camino y detienen a dos con drogas"},"content":{"rendered":"\n<p>Redacci\u00f3n\/Zona Roja.<\/p>\n\n\n\n<p>Oaxaca de Ju\u00e1rez, Oax., a 8 de abril de 2025.- Como parte de las acciones de combate a delitos de alto impacto, la Fiscal\u00eda General del Estado de Oaxaca (FGEO), obtuvo auto de vinculaci\u00f3n a proceso en contra de dos personas, una del sexo masculino identificada como G.H.E.L., y una mujer identificada como Y.L.S., imputados por el delito Contra la Salud con fines de comercio a posesi\u00f3n simple, cometido en la regi\u00f3n de los Valles Centrales.<\/p>\n\n\n\n<p>De acuerdo con la investigaci\u00f3n penal, ambas personas fueron detenidas durante la ejecuci\u00f3n de cateos simult\u00e1neos, efectuados por elementos de la Agencia Estatal de Investigaciones (AEI) adscritos a la Vicefiscal\u00eda Regional de los Valles Centrales en colaboraci\u00f3n con la Secretar\u00eda de la Defensa Nacional (DEFENSA) y Guardia Nacional (GN), en dos domicilios ubicados en la colonia 25 de Enero, perteneciente a Santa Luc\u00eda del Camino, asegurando diversos narc\u00f3ticos como cristal, marihuana, coca\u00edna y hero\u00edna.<\/p>\n\n\n\n<p>Tras el desahogo de pruebas valoradas en las audiencias, la Juez que atiende la causa determin\u00f3 vincular a proceso a G.H.E.L y Y.L.S., por el delito Contra la Salud con fines de comercio a posesi\u00f3n simple, imponiendo la medida cautelar de prisi\u00f3n preventiva justificada.<\/p>\n\n\n\n<p>La Fiscal\u00eda de Oaxaca refrenda su compromiso de seguir trabajando para combatir este tipo de delitos que atentan contra el bienestar de la sociedad oaxaque\u00f1a.<\/p>\n","protected":false},"excerpt":{"rendered":"<p>Redacci\u00f3n\/Zona Roja. Oaxaca de Ju\u00e1rez, Oax., a 8 de abril de 2025.- Como parte de&hellip;<\/p>\n","protected":false},"author":2,"featured_media":79182,"comment_status":"closed","ping_status":"open","sticky":false,"template":"","format":"standard","meta":{"_lmt_disableupdate":"","_lmt_disable":"","_jetpack_memberships_contains_paid_content":false,"footnotes":""},"categories":[109,46],"tags":[494],"class_list":["post-79181","post","type-post","status-publish","format-standard","has-post-thumbnail","hentry","category-minuto-a-minuto","category-zona-blanca","tag-fiscalia-general-del-estado-de-oaxaca"],"jetpack_featured_media_url":"https:\/\/zonaroja.com.mx\/wp-content\/uploads\/2025\/04\/DEtenidos-Santa-Lucia-del-Camino-drogas.jpg","jetpack_sharing_enabled":true,"_links":{"self":[{"href":"https:\/\/zonaroja.com.mx\/index.php?rest_route=\/wp\/v2\/posts\/79181","targetHints":{"allow":["GET"]}}],"collection":[{"href":"https:\/\/zonaroja.com.mx\/index.php?rest_route=\/wp\/v2\/posts"}],"about":[{"href":"https:\/\/zonaroja.com.mx\/index.php?rest_route=\/wp\/v2\/types\/post"}],"author":[{"embeddable":true,"href":"https:\/\/zonaroja.com.mx\/index.php?rest_route=\/wp\/v2\/users\/2"}],"replies":[{"embeddable":true,"href":"https:\/\/zonaroja.com.mx\/index.php?rest_route=%2Fwp%2Fv2%2Fcomments&post=79181"}],"version-history":[{"count":1,"href":"https:\/\/zonaroja.com.mx\/index.php?rest_route=\/wp\/v2\/posts\/79181\/revisions"}],"predecessor-version":[{"id":79183,"href":"https:\/\/zonaroja.com.mx\/index.php?rest_route=\/wp\/v2\/posts\/79181\/revisions\/79183"}],"wp:featuredmedia":[{"embeddable":true,"href":"https:\/\/zonaroja.com.mx\/index.php?rest_route=\/wp\/v2\/media\/79182"}],"wp:attachment":[{"href":"https:\/\/zonaroja.com.mx\/index.php?rest_route=%2Fwp%2Fv2%2Fmedia&parent=79181"}],"wp:term":[{"taxonomy":"category","embeddable":true,"href":"https:\/\/zonaroja.com.mx\/index.php?rest_route=%2Fwp%2Fv2%2Fcategories&post=79181"},{"taxonomy":"post_tag","embeddable":true,"href":"https:\/\/zonaroja.com.mx\/index.php?rest_route=%2Fwp%2Fv2%2Ftags&post=79181"}],"curies":[{"name":"wp","href":"https:\/\/api.w.org\/{rel}","templated":true}]}}