{"id":79184,"date":"2025-04-08T09:29:00","date_gmt":"2025-04-08T15:29:00","guid":{"rendered":"https:\/\/zonaroja.com.mx\/?p=79184"},"modified":"2025-04-08T11:44:06","modified_gmt":"2025-04-08T17:44:06","slug":"aprobacion-de-casi-600-ambulantes-desata-lios-en-oaxaca","status":"publish","type":"post","link":"https:\/\/zonaroja.com.mx\/?p=79184","title":{"rendered":"Aprobaci\u00f3n de casi 600 ambulantes desata l\u00edos en Oaxaca"},"content":{"rendered":"\n<p>Ismael Garc\u00eda M.\/Zona Roja.<\/p>\n\n\n\n<p>Oaxaca de Ju\u00e1rez, Oax., a 8 de abril de 2022.- En sesi\u00f3n extraordinaria del pasado viernes, el Cabildo de Oaxaca de Ju\u00e1rez aprob\u00f3 la instalaci\u00f3n de cerca&nbsp; de 600 puestos de vendedores ambulantes con motivo de la Semana Santa, una cifra casi el doble de a\u00f1os anteriores.<\/p>\n\n\n\n<p>Ello comenz\u00f3 a originar anoche conflictos en en el Centro Hist\u00f3rico, donde un grupo de comerciantes denunci\u00f3 desalojo violento de la plazuela del Carmen Alto y la calle Macedonio Alcal\u00e1, donde se hab\u00edan extendido.<\/p>\n\n\n\n<p>De acuerdo con videos que difundieron, sujetos, presuntamente de Confederaci\u00f3n Joven, con armas de fuego, ademas de polic\u00edas, los intimidaron para que se retiraran pese a que, seg\u00fan dieron a conocer, ya tienen permiso de instalaci\u00f3n para el pr\u00f3ximo periodo vacacional.<\/p>\n\n\n\n<p>Desde el 28 de marzo y el 1 de abril, la directora de Comercio en V\u00eda P\u00fablica del ayuntamiento, Rosario Marcolina Zaragoza Mart\u00ednez, con el visto bueno del secretario de Gobierno y Territorio, No\u00e9 Jara Cruz, present\u00f3 las solicitudes de autorizaci\u00f3n de puestos, avalados el pasado viernes.<\/p>\n\n\n\n<p>En total, el Cabildo aprob\u00f3 574 permisos, que estar\u00e1n del 10 al 26 de abril, pese a que la Semana Santa ser\u00e1 una semana despu\u00e9s.&nbsp;<\/p>\n\n\n\n<p>Entre los cerca de 600 puestos aprobados para 16 organizaciones se encuentran, por primera vez, afiliados a los sindicatos CTM-ASAEO, con 30 locales, y Confederaci\u00f3n Joven, con 15 puestos, adem\u00e1s del Movimiento de Unificaci\u00f3n y Lucha Triqui&nbsp;<\/p>\n\n\n\n<p>Asimismo, el colectivo de artesanos \u201c21 de Diciembre\u201d, Consejo de Agroindustriales del Estado de Oaxaca, la coordinadora Nueva Generaci\u00f3n del Estado de Oaxaca, la organizaci\u00f3n Renacimiento, Asociaci\u00f3n de Comunidades Ind\u00edgenas y Artesanos, Consejo de Agroindustriales de Oaxaca, por mencionar a otros.<\/p>\n\n\n\n<p>Pese a prohibiciones del reglamento del Centro Hist\u00f3rico, muchos de los puestos se colocar\u00e1n en sitios prohibidos, lo cual fue avalado por el Cabildo encabezado por Raymundo Chagoya Villanueva.<\/p>\n","protected":false},"excerpt":{"rendered":"<p>Ismael Garc\u00eda M.\/Zona Roja. Oaxaca de Ju\u00e1rez, Oax., a 8 de abril de 2022.- En&hellip;<\/p>\n","protected":false},"author":2,"featured_media":79185,"comment_status":"closed","ping_status":"open","sticky":false,"template":"","format":"standard","meta":{"_lmt_disableupdate":"","_lmt_disable":"","_jetpack_memberships_contains_paid_content":false,"footnotes":""},"categories":[109,47],"tags":[],"class_list":["post-79184","post","type-post","status-publish","format-standard","has-post-thumbnail","hentry","category-minuto-a-minuto","category-zona-gris"],"jetpack_featured_media_url":"https:\/\/zonaroja.com.mx\/wp-content\/uploads\/2025\/04\/Ambulantes-ciudad-de-Oaxaca.jpg","jetpack_sharing_enabled":true,"_links":{"self":[{"href":"https:\/\/zonaroja.com.mx\/index.php?rest_route=\/wp\/v2\/posts\/79184","targetHints":{"allow":["GET"]}}],"collection":[{"href":"https:\/\/zonaroja.com.mx\/index.php?rest_route=\/wp\/v2\/posts"}],"about":[{"href":"https:\/\/zonaroja.com.mx\/index.php?rest_route=\/wp\/v2\/types\/post"}],"author":[{"embeddable":true,"href":"https:\/\/zonaroja.com.mx\/index.php?rest_route=\/wp\/v2\/users\/2"}],"replies":[{"embeddable":true,"href":"https:\/\/zonaroja.com.mx\/index.php?rest_route=%2Fwp%2Fv2%2Fcomments&post=79184"}],"version-history":[{"count":2,"href":"https:\/\/zonaroja.com.mx\/index.php?rest_route=\/wp\/v2\/posts\/79184\/revisions"}],"predecessor-version":[{"id":79192,"href":"https:\/\/zonaroja.com.mx\/index.php?rest_route=\/wp\/v2\/posts\/79184\/revisions\/79192"}],"wp:featuredmedia":[{"embeddable":true,"href":"https:\/\/zonaroja.com.mx\/index.php?rest_route=\/wp\/v2\/media\/79185"}],"wp:attachment":[{"href":"https:\/\/zonaroja.com.mx\/index.php?rest_route=%2Fwp%2Fv2%2Fmedia&parent=79184"}],"wp:term":[{"taxonomy":"category","embeddable":true,"href":"https:\/\/zonaroja.com.mx\/index.php?rest_route=%2Fwp%2Fv2%2Fcategories&post=79184"},{"taxonomy":"post_tag","embeddable":true,"href":"https:\/\/zonaroja.com.mx\/index.php?rest_route=%2Fwp%2Fv2%2Ftags&post=79184"}],"curies":[{"name":"wp","href":"https:\/\/api.w.org\/{rel}","templated":true}]}}