{"id":79187,"date":"2025-04-08T12:37:00","date_gmt":"2025-04-08T18:37:00","guid":{"rendered":"https:\/\/zonaroja.com.mx\/?p=79187"},"modified":"2025-04-08T08:38:01","modified_gmt":"2025-04-08T14:38:01","slug":"opinion-un-repaso","status":"publish","type":"post","link":"https:\/\/zonaroja.com.mx\/?p=79187","title":{"rendered":"Opini\u00f3n. Un repaso"},"content":{"rendered":"\n<p>Isidoro Yescas*<\/p>\n\n\n\n<p>Fue durante la pandemia que me anim\u00e9 a iniciar una faena que ahora, ya con los a\u00f1os encima, parece obligado continuar &nbsp;para no dejar pasar la oportunidad de contar mi propia historia de vida.&nbsp;<\/p>\n\n\n\n<p>Como antecedente, importa se\u00f1alar que la&nbsp;obligada encerrona domiciliaria&nbsp;provocada&nbsp;en el 2020&nbsp;por la pandemia del Covid-19&nbsp;deriv\u00f3 en &nbsp;las primeras 20 cuartillas de un &nbsp;borrador autobiogr\u00e1fico que se combin\u00f3 con otra singular faena editorial que llevamos a cabo con Claudio S\u00e1nchez: me refiero a los 19 n\u00fameros de \u201cCuadernos de la Pandemia\u201d, que circul\u00f3 en versi\u00f3n digital del 2020 al 2021.<\/p>\n\n\n\n<p>Por esta \u00fanica ocasi\u00f3n dedico mi colaboraci\u00f3n semanal a resumir mi trayectoria period\u00edstica&nbsp;y acad\u00e9mica&nbsp;ya registrada en el texto&nbsp;citado&nbsp;y cuya redacci\u00f3n se interrumpi\u00f3 en el 2021, porque, haciendo cuentas, son &nbsp;dos&nbsp;de&nbsp;mis&nbsp;principales actividades desempe\u00f1adas a partir de la segunda mitad de la d\u00e9cada de los setenta y que, sin duda, han marcado buena parte de mi pasi\u00f3n por la escritura.&nbsp;<\/p>\n\n\n\n<p>El movimiento estudiantil-popular &nbsp;de los setentas fue el &nbsp;escenario de mi primera incursi\u00f3n en el periodismo, marcadamente militante. Y no pod\u00eda ser de otra manera pues&nbsp;el&nbsp;peri\u00f3dico \u201cFuerza y Raz\u00f3n\u201d&nbsp;(1975-76)&nbsp;del Consejo General de Huelga de la UABJO&nbsp;lo impulsamos&nbsp;con la finalidad de difundir las causas y objetivos que animaron las luchas por democratizar a nuestra Casa de Estudios.<\/p>\n\n\n\n<p>Y algo similar ocurri\u00f3 con el peri\u00f3dico&nbsp;\u201c\u00bfQu\u00e9 hacer?\u201d,&nbsp;\u00f3rgano del Bufete Popular Universitario, brazo jur\u00eddico-pol\u00edtico de la Coalici\u00f3n Obrero Campesino Estudiantil de Oaxaca (COCEO).<\/p>\n\n\n\n<p>Del&nbsp;\u201c\u00bfQu\u00e9 Hacer?\u201d&nbsp;se editaron&nbsp;8 n\u00fameros, todos durante 1977, la etapa m\u00e1s cr\u00edtica del movimiento universitario y popular&nbsp;y a\u00f1o de&nbsp;la ca\u00edda del gobernador Manuel Z\u00e1rate Aquino.<\/p>\n\n\n\n<p>Tres a\u00f1os atr\u00e1s, en septiembre de 1974, hab\u00eda ingresado al Centro de Sociolog\u00eda de la UABJO&nbsp;de donde egres\u00e9 en 1980 para enseguida incorporarme a la planta de investigadores del naciente Instituto de Investigaciones Sociol\u00f3gicas (IISUABJO).<\/p>\n\n\n\n<p>Despu\u00e9s de estas dos experiencias de lo que entonces tambi\u00e9n se conoc\u00eda como periodismo marginal, &nbsp;me dediqu\u00e9 a escribir ocasionalmente&nbsp;art\u00edculos de opini\u00f3n en medios locales como&nbsp;\u201cEl Informador de Oaxaca\u201d y \u201cPanorama Oaxaque\u00f1o\u201d,&nbsp;hasta la aparici\u00f3n en 1980 del semanario&nbsp;\u201cHora Cero\u201d, dirigido por el periodista Rafael Emilio Berm\u00fadez.&nbsp;<\/p>\n\n\n\n<p>Dos a\u00f1os despu\u00e9s, un nutrido grupo de articulistas, entre periodistas y acad\u00e9micos,&nbsp;nos separamos de este&nbsp;semanario&nbsp;para fundar&nbsp;\u201cCambio\u201d&nbsp;y m\u00e1s adelante&nbsp;\u201cMeridiano 100\u201d, tambi\u00e9n semanarios que si bien&nbsp;cumplieron una funci\u00f3n social importante, no lograron consolidarse como empresa y terminaron por desaparecer.&nbsp;<\/p>\n\n\n\n<p>Agotada esta etapa de ensayo y error, a fines de los ochenta ingres\u00e9 como &nbsp;columnista &nbsp;(\u201cCuarto para las Doce\u201d)&nbsp;y luego como articulista&nbsp;en el diario&nbsp;\u201cNoticias\u201d.&nbsp;<\/p>\n\n\n\n<p>Como reportero, mi experiencia mas grata la viv\u00ed en los a\u00f1os que &nbsp;cubr\u00ed la corresponsal\u00eda de la revista&nbsp;\u201cProceso\u201d&nbsp;( 1987-1992).&nbsp;<\/p>\n\n\n\n<p>Fue tambi\u00e9n en la d\u00e9cada de los noventa cuando recib\u00ed el Premio Estatal de Periodismo (1996) en el g\u00e9nero de art\u00edculo de fondo.<\/p>\n\n\n\n<p>Mi producci\u00f3n acad\u00e9mica, que grosso modo se resume en poco m\u00e1s de 20 ensayos publicados en revistas especializadas y libros editados por la UABJO y otras instituciones, tuvo su punto de partida con mi tesis de grado&nbsp;de&nbsp;la licenciatura&nbsp;en sociolog\u00eda (1980).&nbsp;<\/p>\n\n\n\n<p>En libros como&nbsp;\u201cLa Composici\u00f3n del Poder\u201d,&nbsp;\u201cPol\u00edtica y Poder en Oaxaca\u201d,&nbsp;\u201cLa Insurgencia&nbsp;Magisterial en Oaxaca\u201d,&nbsp;\u201cVoces de la Transici\u00f3n\u201d&nbsp;y &nbsp;\u201cNo se Olvida\u201d, entre otros t\u00edtulos,&nbsp;se revisaron y analizaron&nbsp;diversas expresiones de los movimientos sociales y procesos electorales desarrollados en nuestra entidad en las \u00faltimas tres d\u00e9cadas del siglo XX y las dos primeras del siglo XXI.&nbsp;<\/p>\n\n\n\n<p>Casi medio siglo de andar y desandar entre el periodismo, la investigaci\u00f3n sociol\u00f3gica y el an\u00e1lisis pol\u00edtico: me bautic\u00e9&nbsp;en estas lides cuando frisaba los 20 a\u00f1os y hoy que&nbsp;estoy cumpliendo 70 todav\u00eda siento que vivo mi oto\u00f1o juvenil, con \u00e1nimo para seguir escribiendo con libertad y sentido cr\u00edtico, y con las mil gracias a la vida, a la familia y a las viejas y nuevas amistades.&nbsp;<\/p>\n\n\n\n<ul class=\"wp-block-list\">\n<li>Maestro en Sociolog\u00eda.<\/li>\n\n\n\n<li>@YescasIsidoro<\/li>\n<\/ul>\n","protected":false},"excerpt":{"rendered":"<p>Isidoro Yescas* Fue durante la pandemia que me anim\u00e9 a iniciar una faena que ahora,&hellip;<\/p>\n","protected":false},"author":2,"featured_media":78328,"comment_status":"closed","ping_status":"open","sticky":false,"template":"","format":"standard","meta":{"_lmt_disableupdate":"","_lmt_disable":"","_jetpack_memberships_contains_paid_content":false,"footnotes":""},"categories":[456,109],"tags":[3998],"class_list":["post-79187","post","type-post","status-publish","format-standard","has-post-thumbnail","hentry","category-columna","category-minuto-a-minuto","tag-isidoro-yescas-martinez"],"jetpack_featured_media_url":"https:\/\/zonaroja.com.mx\/wp-content\/uploads\/2025\/03\/Isidoro-Yescas-Martinez.jpg","jetpack_sharing_enabled":true,"_links":{"self":[{"href":"https:\/\/zonaroja.com.mx\/index.php?rest_route=\/wp\/v2\/posts\/79187","targetHints":{"allow":["GET"]}}],"collection":[{"href":"https:\/\/zonaroja.com.mx\/index.php?rest_route=\/wp\/v2\/posts"}],"about":[{"href":"https:\/\/zonaroja.com.mx\/index.php?rest_route=\/wp\/v2\/types\/post"}],"author":[{"embeddable":true,"href":"https:\/\/zonaroja.com.mx\/index.php?rest_route=\/wp\/v2\/users\/2"}],"replies":[{"embeddable":true,"href":"https:\/\/zonaroja.com.mx\/index.php?rest_route=%2Fwp%2Fv2%2Fcomments&post=79187"}],"version-history":[{"count":1,"href":"https:\/\/zonaroja.com.mx\/index.php?rest_route=\/wp\/v2\/posts\/79187\/revisions"}],"predecessor-version":[{"id":79188,"href":"https:\/\/zonaroja.com.mx\/index.php?rest_route=\/wp\/v2\/posts\/79187\/revisions\/79188"}],"wp:featuredmedia":[{"embeddable":true,"href":"https:\/\/zonaroja.com.mx\/index.php?rest_route=\/wp\/v2\/media\/78328"}],"wp:attachment":[{"href":"https:\/\/zonaroja.com.mx\/index.php?rest_route=%2Fwp%2Fv2%2Fmedia&parent=79187"}],"wp:term":[{"taxonomy":"category","embeddable":true,"href":"https:\/\/zonaroja.com.mx\/index.php?rest_route=%2Fwp%2Fv2%2Fcategories&post=79187"},{"taxonomy":"post_tag","embeddable":true,"href":"https:\/\/zonaroja.com.mx\/index.php?rest_route=%2Fwp%2Fv2%2Ftags&post=79187"}],"curies":[{"name":"wp","href":"https:\/\/api.w.org\/{rel}","templated":true}]}}