{"id":79195,"date":"2025-04-08T19:38:33","date_gmt":"2025-04-09T01:38:33","guid":{"rendered":"https:\/\/zonaroja.com.mx\/?p=79195"},"modified":"2025-04-08T19:38:37","modified_gmt":"2025-04-09T01:38:37","slug":"muere-nina-de-3-anos-por-influenza-aviar-h5n1-primer-caso-detectado-en-mexico","status":"publish","type":"post","link":"https:\/\/zonaroja.com.mx\/?p=79195","title":{"rendered":"Muere ni\u00f1a de 3 a\u00f1os por influenza aviar H5N1; primer caso detectado en M\u00e9xico"},"content":{"rendered":"\n<p>Redacci\u00f3n\/Zona Roja Cdmx.<\/p>\n\n\n\n<p>Ciudad de M\u00e9xico, a 8 de abril de 2025.- La influenza aviar H5N1 cobr\u00f3 la vida de una ni\u00f1a de 3 a\u00f1os que estaba hospitalizada en Torre\u00f3n, Coahuila, la ma\u00f1ana de este martes 8 de abril.<\/p>\n\n\n\n<p>El secretario de Coahuila, Eliud Aguirre, confirm\u00f3 la muerte la menor, quien es originaria de G\u00f3mez Palacio y hab\u00eda sido diagnosticada con influenza aviar H5N1, el primer caso registrado en M\u00e9xico.<\/p>\n\n\n\n<p>El deceso ocurri\u00f3 durante esta madrugada, luego de una semana de permanecer hospitalizada en terapia intensiva de la cl\u00ednica 71 del Instituto Mexicano del Seguro Social en Torre\u00f3n, en la regi\u00f3n Laguna del estado.<\/p>\n\n\n\n<p>Eliud Aguirre detall\u00f3 que la causa del deceso fue una falla multiorg\u00e1nica, consecuencia del virus que de acuerdo con el especialista ataca el sistema renal y respiratorio.<\/p>\n\n\n\n<p>Tras el ingreso de la ni\u00f1a al hospital, hace una semana, autoridades sanitarias implementaron un cerco sanitario entre la familia, las personas que en un tiempo cercano tuvieron contacto con la ni\u00f1a, y en un radio de 10 cuadras a la redonda de donde habitaba la ni\u00f1a. Hasta ahora ninguno ha presentado s\u00edntomas de gripe aviar.<\/p>\n\n\n\n<p>\u201cEl contagio en s\u00ed a\u00fan no est\u00e1 definido, cual fue la causa del contagio\u201d, resalt\u00f3 el secretario de Salud, quien agreg\u00f3 que el origen del contagio sigue en investigaci\u00f3n.<\/p>\n\n\n\n<p>El diagn\u00f3stico de influenza aviar H5N1 fue confirmado por el Instituto de Diagn\u00f3stico y Referencia Epidemiol\u00f3gicos (InDRE) el 1 de abril, lo que llev\u00f3 a las autoridades a notificar a la Organizaci\u00f3n Mundial de la Salud (OMS) y a implementar medidas de vigilancia. La ni\u00f1a hab\u00eda sido tratada con oseltamivir, un antiviral com\u00fanmente utilizado para tratar infecciones de influenza.<\/p>\n\n\n\n<p>La OMS ha declarado que el riesgo de salud p\u00fablica por este virus para la poblaci\u00f3n en general es bajo, y ha recomendado que el consumo de carne de pollo o huevo bien cocidos no representa peligro para la salud.<\/p>\n\n\n\n<p>No obstante, la situaci\u00f3n requiere atenci\u00f3n y monitoreo continuos, especialmente en \u00e1reas con antecedentes de brotes de influenza aviar.<\/p>\n\n\n\n<p>(Informaci\u00f3n de \u201cEl Financiero\u201d)<\/p>\n","protected":false},"excerpt":{"rendered":"<p>Redacci\u00f3n\/Zona Roja Cdmx. Ciudad de M\u00e9xico, a 8 de abril de 2025.- La influenza aviar&hellip;<\/p>\n","protected":false},"author":2,"featured_media":79196,"comment_status":"closed","ping_status":"open","sticky":false,"template":"","format":"standard","meta":{"_lmt_disableupdate":"","_lmt_disable":"","_jetpack_memberships_contains_paid_content":false,"footnotes":""},"categories":[109,47],"tags":[3959],"class_list":["post-79195","post","type-post","status-publish","format-standard","has-post-thumbnail","hentry","category-minuto-a-minuto","category-zona-gris","tag-gripe-aviar"],"jetpack_featured_media_url":"https:\/\/zonaroja.com.mx\/wp-content\/uploads\/2025\/04\/Gripe-aviar.jpg","jetpack_sharing_enabled":true,"_links":{"self":[{"href":"https:\/\/zonaroja.com.mx\/index.php?rest_route=\/wp\/v2\/posts\/79195","targetHints":{"allow":["GET"]}}],"collection":[{"href":"https:\/\/zonaroja.com.mx\/index.php?rest_route=\/wp\/v2\/posts"}],"about":[{"href":"https:\/\/zonaroja.com.mx\/index.php?rest_route=\/wp\/v2\/types\/post"}],"author":[{"embeddable":true,"href":"https:\/\/zonaroja.com.mx\/index.php?rest_route=\/wp\/v2\/users\/2"}],"replies":[{"embeddable":true,"href":"https:\/\/zonaroja.com.mx\/index.php?rest_route=%2Fwp%2Fv2%2Fcomments&post=79195"}],"version-history":[{"count":1,"href":"https:\/\/zonaroja.com.mx\/index.php?rest_route=\/wp\/v2\/posts\/79195\/revisions"}],"predecessor-version":[{"id":79197,"href":"https:\/\/zonaroja.com.mx\/index.php?rest_route=\/wp\/v2\/posts\/79195\/revisions\/79197"}],"wp:featuredmedia":[{"embeddable":true,"href":"https:\/\/zonaroja.com.mx\/index.php?rest_route=\/wp\/v2\/media\/79196"}],"wp:attachment":[{"href":"https:\/\/zonaroja.com.mx\/index.php?rest_route=%2Fwp%2Fv2%2Fmedia&parent=79195"}],"wp:term":[{"taxonomy":"category","embeddable":true,"href":"https:\/\/zonaroja.com.mx\/index.php?rest_route=%2Fwp%2Fv2%2Fcategories&post=79195"},{"taxonomy":"post_tag","embeddable":true,"href":"https:\/\/zonaroja.com.mx\/index.php?rest_route=%2Fwp%2Fv2%2Ftags&post=79195"}],"curies":[{"name":"wp","href":"https:\/\/api.w.org\/{rel}","templated":true}]}}