{"id":79201,"date":"2025-04-09T07:15:00","date_gmt":"2025-04-09T13:15:00","guid":{"rendered":"https:\/\/zonaroja.com.mx\/?p=79201"},"modified":"2025-04-09T06:56:03","modified_gmt":"2025-04-09T12:56:03","slug":"galardonan-al-cantautor-istmeno-mario-lopez-con-medalla-alvaro-carrillo","status":"publish","type":"post","link":"https:\/\/zonaroja.com.mx\/?p=79201","title":{"rendered":"Galardonan al cantautor istme\u00f1o Mario L\u00f3pez con medalla \u201c\u00c1lvaro Carrillo\u201d"},"content":{"rendered":"\n<p>Redacci\u00f3n\/Zona Roja.<\/p>\n\n\n\n<p>Oaxaca de Ju\u00e1rez, Oax., a 9 de abril de 2025.- Con motivo de la conmemoraci\u00f3n del 56 aniversario luctuoso del compositor oaxaque\u00f1o \u00c1lvaro Carrillo, la LXVI Legislatura del Congreso del Estado entreg\u00f3 la medalla hom\u00f3nima al m\u00fasico Mario L\u00f3pez Hern\u00e1ndez, oriundo del Istmo de Tehuantepec, por su destacada labor y trayectoria al impulsar la cultura, el acervo musical e identidad de Oaxaca y de M\u00e9xico.<\/p>\n\n\n\n<p>En Sesi\u00f3n Solemne, la diputada que preside la Comisi\u00f3n Permanente de Culturas y Artes, Irma Pineda Santiago, narr\u00f3 que \u00c1lvaro Carrillo naci\u00f3 en San Juan Cacahuatepec en 1919 y contribuy\u00f3 con sus canciones al fortalecimiento de un imaginario colectivo que conecta diversas regiones del pa\u00eds con su historia, sus costumbres, emociones y un arte profundamente influenciado por las tradiciones ind\u00edgenas y mestizas.<\/p>\n\n\n\n<p>\u201cSus composiciones son testimonio de su talento para captar y transmitir la esencia de las emociones humanas m\u00e1s profundas, con himnos que trascienden el tiempo y el espacio\u201d, sostuvo.<\/p>\n\n\n\n<p>Y es que su legado no solo radica en su m\u00fasica, sino tambi\u00e9n, en su capacidad para influir en generaciones e inspirar a m\u00e1s artistas, que contin\u00faan enalteciendo y conservando nuestra herencia cultural y difundi\u00e9ndola m\u00e1s all\u00e1 de nuestras fronteras, reconoci\u00f3.<\/p>\n\n\n\n<p>Al referirse al galardonado de este 2025, declar\u00f3 que el maestro Mario L\u00f3pez ha demostrado, a lo largo de su trayectoria, ser un fiel custodio de nuestra herencia musical, \u201csu dedicaci\u00f3n incansable a la m\u00fasica, su capacidad para inspirar a otros artistas y su entrega a ella, no s\u00f3lo como arte, sino como una forma de vida, lo ha convertido en un referente para todas y todos los que hemos tenido el privilegio de escuchar su obra\u201d.<\/p>\n\n\n\n<p>Por su parte el presidente de la Junta de Coordinaci\u00f3n Pol\u00edtica (Jucopo) diputado Benjam\u00edn Viveros Montalvo, mencion\u00f3 que la entrega de esta presea sirve para celebrar nuestra identidad cultural a trav\u00e9s del arte y simboliza el compromiso inquebrantable del Parlamento con las expresiones m\u00e1s elevadas del esp\u00edritu oaxaque\u00f1o.<\/p>\n\n\n\n<p>Manifest\u00f3 que esta medalla es una declaraci\u00f3n de principios, pues en el estado el arte no es un privilegio sino un derecho, \u201cno es un adorno, sino una necesidad vital, no es una actividad marginal, sino un pilar fundamental de nuestra identidad y desarrollo como sociedad. El arte en todas sus vertientes es tambi\u00e9n resistencia, es un di\u00e1logo intercultural y patrimonio vivo de lo que significa ser oaxaque\u00f1as y oaxaque\u00f1os\u201d, exclam\u00f3.<\/p>\n\n\n\n<p>Y por ello enfatiz\u00f3 que Carrillo logr\u00f3 transformar la cotidianidad en poes\u00eda, el dolor en belleza y la nostalgia en melod\u00eda universal.<\/p>\n\n\n\n<p>En representaci\u00f3n del Gobernador Salom\u00f3n Jara Cruz, acudi\u00f3 el titular de la Secretar\u00eda de las Culturas y Artes (Seculta) de Oaxaca, Flavio Sosa Villavicencio, expres\u00f3 que la m\u00fasica del compositor de canciones como \u201cAdi\u00f3s Chapingo\u201d, \u201cSabor a m\u00ed\u201d, \u201cYa no est\u00e1s\u201d, \u201cLuz de Luna\u201d, \u201cLa Mentira\u201d, entre otras m\u00e1s, es poes\u00eda, pasi\u00f3n y la esencia de nuestro estado.<\/p>\n\n\n\n<p>Al recibir la Medalla \u00c1lvaro Carrillo, el m\u00fasico, cantante y compositor Mario L\u00f3pez Hern\u00e1ndez resalt\u00f3 que este momento representa un gran hito en su trayectoria, pues para \u00e9l la m\u00fasica que escribe va m\u00e1s all\u00e1 de los temas del amor, m\u00e1s bien, se trata de darle voz a los pueblos que viven en la desesperanza.<\/p>\n\n\n\n<p>\u201cQuien result\u00f3 ganadora de esta medalla es la canci\u00f3n istme\u00f1a, que se ha labrado al mismo tiempo que la hermandad entre los pueblos de la Tierra\u201d, dijo. Asimismo, dedic\u00f3 este galard\u00f3n a todas las personas que han contribuido en su obra.<\/p>\n\n\n\n<p>La terna estuvo compuesta por m\u00fasicos, compositores y cantautores como Pastor P\u00e9rez Ignacio, Uziel Luna, Jos\u00e9 Manuel Mesa L\u00f3pez, Brenan Hern\u00e1n Cruz Miguel, Rodney Jes\u00fas Cerqueda Angulo, Olegario Robles Ram\u00edrez, Gil Rivera Sarmiento, Jos\u00e9 No\u00e9 Jer\u00f3nimo Toledo, Felipe Toledo Matus y Manuel Bustamante, quienes recibieron un reconocimiento por la difusi\u00f3n y fomento de la m\u00fasica oaxaque\u00f1a.<\/p>\n","protected":false},"excerpt":{"rendered":"<p>Redacci\u00f3n\/Zona Roja. Oaxaca de Ju\u00e1rez, Oax., a 9 de abril de 2025.- Con motivo de&hellip;<\/p>\n","protected":false},"author":2,"featured_media":79202,"comment_status":"closed","ping_status":"open","sticky":false,"template":"","format":"standard","meta":{"_lmt_disableupdate":"","_lmt_disable":"","_jetpack_memberships_contains_paid_content":false,"footnotes":""},"categories":[109,46],"tags":[303],"class_list":["post-79201","post","type-post","status-publish","format-standard","has-post-thumbnail","hentry","category-minuto-a-minuto","category-zona-blanca","tag-congreso-del-estado-de-oaxaca"],"jetpack_featured_media_url":"https:\/\/zonaroja.com.mx\/wp-content\/uploads\/2025\/04\/Entrega-medalla-Alvaro-Carrillo-6.jpeg","jetpack_sharing_enabled":true,"_links":{"self":[{"href":"https:\/\/zonaroja.com.mx\/index.php?rest_route=\/wp\/v2\/posts\/79201","targetHints":{"allow":["GET"]}}],"collection":[{"href":"https:\/\/zonaroja.com.mx\/index.php?rest_route=\/wp\/v2\/posts"}],"about":[{"href":"https:\/\/zonaroja.com.mx\/index.php?rest_route=\/wp\/v2\/types\/post"}],"author":[{"embeddable":true,"href":"https:\/\/zonaroja.com.mx\/index.php?rest_route=\/wp\/v2\/users\/2"}],"replies":[{"embeddable":true,"href":"https:\/\/zonaroja.com.mx\/index.php?rest_route=%2Fwp%2Fv2%2Fcomments&post=79201"}],"version-history":[{"count":1,"href":"https:\/\/zonaroja.com.mx\/index.php?rest_route=\/wp\/v2\/posts\/79201\/revisions"}],"predecessor-version":[{"id":79203,"href":"https:\/\/zonaroja.com.mx\/index.php?rest_route=\/wp\/v2\/posts\/79201\/revisions\/79203"}],"wp:featuredmedia":[{"embeddable":true,"href":"https:\/\/zonaroja.com.mx\/index.php?rest_route=\/wp\/v2\/media\/79202"}],"wp:attachment":[{"href":"https:\/\/zonaroja.com.mx\/index.php?rest_route=%2Fwp%2Fv2%2Fmedia&parent=79201"}],"wp:term":[{"taxonomy":"category","embeddable":true,"href":"https:\/\/zonaroja.com.mx\/index.php?rest_route=%2Fwp%2Fv2%2Fcategories&post=79201"},{"taxonomy":"post_tag","embeddable":true,"href":"https:\/\/zonaroja.com.mx\/index.php?rest_route=%2Fwp%2Fv2%2Ftags&post=79201"}],"curies":[{"name":"wp","href":"https:\/\/api.w.org\/{rel}","templated":true}]}}