{"id":79204,"date":"2025-04-09T08:15:00","date_gmt":"2025-04-09T14:15:00","guid":{"rendered":"https:\/\/zonaroja.com.mx\/?p=79204"},"modified":"2025-04-09T07:18:13","modified_gmt":"2025-04-09T13:18:13","slug":"organizaciones-sociales-reprochan-desalojo-de-comerciantes-con-grupos-de-choque","status":"publish","type":"post","link":"https:\/\/zonaroja.com.mx\/?p=79204","title":{"rendered":"Organizaciones sociales reprochan desalojo de comerciantes con grupos de choque"},"content":{"rendered":"\n<p>Raymundo Morales\/Zona Roja.<\/p>\n\n\n\n<p>Oaxaca de Ju\u00e1rez, Oax., a 9 de abril de 2025.- Diversas organizaciones sociales condenaron el desalojo violento de comerciantes y artesanos, la madrugada de ayer, en la plazuela del Carmen Alto y la calle Macedonio Alcal\u00e1 del centro de la ciudad de Oaxaca.<\/p>\n\n\n\n<p>De la misma manera, recriminaron que de manera frecuente se utilice a grupos de choque de transportistas para retirar protestas sociales y culparon de ello a la autoridad municipal.<\/p>\n\n\n\n<p>Un grupo de organizaciones, aglutinadas en la Alianza de los Pueblos por la Justicia Social condena en\u00e9rgicamente el hecho:<\/p>\n\n\n\n<p>\u201cPara la realizaci\u00f3n del desalojo se despleg\u00f3 un grupo de choque<\/p>\n\n\n\n<p>CATEM Joven (Confederaci\u00f3n Joven), que como ya se sabe son los mercenarios de este gobierno primaveral en conjunto con polic\u00edas municipales y estatales.<\/p>\n\n\n\n<p>\u201cRepudiamos y condenamos estos hechos criminales tal como el desalojo ejecutado ya que atenta contra la vida y la dignidad de toda persona que busca el sustento de sus familias\u201d, manifest\u00f3 en un comunicado.<\/p>\n\n\n\n<p>En otro desplegado, otro grupo de organizaciones lament\u00f3 los hechos de violencia y represi\u00f3n cometidos contra los integrantes del Tianguis Cultural<\/p>\n\n\n\n<p>\u00abLibertad y Resistencia\u00bb, quienes desde hace varios lustros, despu\u00e9s de la rebeli\u00f3n magisterial-popular del 2006, han mantenido sus espacios de trabajo y creaci\u00f3n pol\u00edtico-cultural en la plazuela del Carmen Alto.<\/p>\n\n\n\n<p>\u201cDespu\u00e9s del desalojo arribaron al lugar la jefa de Inspectores y el Comandante de la polic\u00eda municipal solo para atestiguar las huellas de los destrozos y a los compa\u00f1eros heridos.<\/p>\n\n\n\n<p>\u201cDenunciamos el uso pol\u00edtico de los grupos de choque como un m\u00e9todo recurrente de los distintos gobiernos en turno, sin distinci\u00f3n de color o partido al que pertenezcan.&nbsp;<\/p>\n\n\n\n<p>\u201cEl desalojo cometido contra los compa\u00f1eros de COCISS en el crucero del aeropuerto (14\/09\/2022), el intento de desalojo contra la Secci\u00f3n 22 CNTE en San Juan Bautista la Raya (4\/06\/2024), el desalojo contra vecinos de la Tercera Secci\u00f3n de San Antonio de la Cal (14\/01\/2025), y este desalojo contra los compa\u00f1eros de Tianguis Cultural (8\/04\/2025) son parte de una misma pol\u00edtica de Estado contra los movimientos sociales\u201d, recriminaron.<\/p>\n\n\n\n<p>Igualmente, la Unidad Anticapitalista de Pueblos Organizados de Oaxaca (UNAPO) expres\u00f3 su repudio y condena a la represi\u00f3n y desalojo hacia los comerciantes.<\/p>\n\n\n\n<p>\u201cNo es la primera vez que el gobierno de Oaxaca presidido por Salom\u00f3n Jara y por su hermano No\u00e9 Jara, titular de la Secretar\u00eda de Gobierno y Territorio Municipal de Oaxaca de Ju\u00e1rez, utilizan grupos de choque como CATEM Joven (Confederaci\u00f3n Joven), entre otros, para amedrentar a la ciudadan\u00eda y la protesta social\u201d, precisaron.<\/p>\n","protected":false},"excerpt":{"rendered":"<p>Raymundo Morales\/Zona Roja. Oaxaca de Ju\u00e1rez, Oax., a 9 de abril de 2025.- Diversas organizaciones&hellip;<\/p>\n","protected":false},"author":2,"featured_media":79205,"comment_status":"closed","ping_status":"open","sticky":false,"template":"","format":"standard","meta":{"_lmt_disableupdate":"","_lmt_disable":"","_jetpack_memberships_contains_paid_content":false,"footnotes":""},"categories":[109,47],"tags":[],"class_list":["post-79204","post","type-post","status-publish","format-standard","has-post-thumbnail","hentry","category-minuto-a-minuto","category-zona-gris"],"jetpack_featured_media_url":"https:\/\/zonaroja.com.mx\/wp-content\/uploads\/2025\/04\/Desalojo-de-artesanos-ciudad-de-Oaxaca-Raymundo-chagoya.jpg","jetpack_sharing_enabled":true,"_links":{"self":[{"href":"https:\/\/zonaroja.com.mx\/index.php?rest_route=\/wp\/v2\/posts\/79204","targetHints":{"allow":["GET"]}}],"collection":[{"href":"https:\/\/zonaroja.com.mx\/index.php?rest_route=\/wp\/v2\/posts"}],"about":[{"href":"https:\/\/zonaroja.com.mx\/index.php?rest_route=\/wp\/v2\/types\/post"}],"author":[{"embeddable":true,"href":"https:\/\/zonaroja.com.mx\/index.php?rest_route=\/wp\/v2\/users\/2"}],"replies":[{"embeddable":true,"href":"https:\/\/zonaroja.com.mx\/index.php?rest_route=%2Fwp%2Fv2%2Fcomments&post=79204"}],"version-history":[{"count":1,"href":"https:\/\/zonaroja.com.mx\/index.php?rest_route=\/wp\/v2\/posts\/79204\/revisions"}],"predecessor-version":[{"id":79206,"href":"https:\/\/zonaroja.com.mx\/index.php?rest_route=\/wp\/v2\/posts\/79204\/revisions\/79206"}],"wp:featuredmedia":[{"embeddable":true,"href":"https:\/\/zonaroja.com.mx\/index.php?rest_route=\/wp\/v2\/media\/79205"}],"wp:attachment":[{"href":"https:\/\/zonaroja.com.mx\/index.php?rest_route=%2Fwp%2Fv2%2Fmedia&parent=79204"}],"wp:term":[{"taxonomy":"category","embeddable":true,"href":"https:\/\/zonaroja.com.mx\/index.php?rest_route=%2Fwp%2Fv2%2Fcategories&post=79204"},{"taxonomy":"post_tag","embeddable":true,"href":"https:\/\/zonaroja.com.mx\/index.php?rest_route=%2Fwp%2Fv2%2Ftags&post=79204"}],"curies":[{"name":"wp","href":"https:\/\/api.w.org\/{rel}","templated":true}]}}