{"id":79209,"date":"2025-04-09T10:19:00","date_gmt":"2025-04-09T16:19:00","guid":{"rendered":"https:\/\/zonaroja.com.mx\/?p=79209"},"modified":"2025-04-09T07:23:14","modified_gmt":"2025-04-09T13:23:14","slug":"oaxaca-y-panama-fortalecen-lazos-de-cooperacion-internacional","status":"publish","type":"post","link":"https:\/\/zonaroja.com.mx\/?p=79209","title":{"rendered":"Oaxaca y Panam\u00e1 fortalecen lazos de cooperaci\u00f3n internacional"},"content":{"rendered":"\n<p>Redacci\u00f3n\/Zona Roja.<\/p>\n\n\n\n<p>Oaxaca de Ju\u00e1rez, Oax. 9 de abril de 2025.- El gobernador de Oaxaca, Salom\u00f3n Jara Cruz, sostuvo un encuentro con el embajador de Panam\u00e1 en M\u00e9xico, Abraham Mart\u00ednez Montilla, con el objetivo de fortalecer los lazos diplom\u00e1ticos y explorar oportunidades de hermanamiento y colaboraci\u00f3n en diversos sectores estrat\u00e9gicos.<\/p>\n\n\n\n<p>Durante la reuni\u00f3n se abordaron temas relacionados con el comercio, conectividad log\u00edstica, desarrollo tur\u00edstico y cooperaci\u00f3n institucional; asimismo, se destac\u00f3 la relevancia del Corredor Interoce\u00e1nico del Istmo de Tehuantepec (CIIT) y el Canal de Panam\u00e1 como ejes clave para la conectividad mar\u00edtima y el comercio global.<\/p>\n\n\n\n<p>El mandatario estatal resalt\u00f3 la importancia de este encuentro como parte de la visi\u00f3n compartida y voluntad de construir puentes institucionales duraderos, para seguir consolidando alianzas estrat\u00e9gicas que promuevan el desarrollo del estado y refuercen su integraci\u00f3n en el contexto internacional.<\/p>\n\n\n\n<p>Por su parte, el Embajador de Panam\u00e1 expres\u00f3 el inter\u00e9s de su pa\u00eds para estrechar la cooperaci\u00f3n institucional en beneficio mutuo.<\/p>\n\n\n\n<p>Durante este evento, el titular de la Secretar\u00eda de Desarrollo Econ\u00f3mico (Sedeco), Ra\u00fal Ruiz Robles resalt\u00f3 la importancia de las plataformas log\u00edsticas, as\u00ed como el CIIT y el Canal de Panam\u00e1 que ofrecen una base s\u00f3lida para fortalecer la competitividad y atracci\u00f3n de inversiones.<\/p>\n\n\n\n<p>En este encuentro se expuso la voluntad de generar mecanismos que fomenten la cooperaci\u00f3n entre Panam\u00e1 y Oaxaca, as\u00ed como el intercambio de experiencias y buenas pr\u00e1cticas en el \u00e1mbito portuario. Igualmente, se convers\u00f3 sobre estrategias para atraer inversiones que contribuyan al crecimiento econ\u00f3mico y al desarrollo mutuo.<\/p>\n\n\n\n<p>De igual forma, representantes del gabinete estatal, invitados especiales y la academia, exploraron las diferentes formas de concurrencia entre ambas naciones para construir un camino com\u00fan y fortalecer el desarrollo econ\u00f3mico, la cultura, el turismo, entre otros.<\/p>\n\n\n\n<p>Esta visita destaca a Oaxaca como actor estrat\u00e9gico en el comercio mundial, a trav\u00e9s de una pol\u00edtica exterior basada en la cooperaci\u00f3n y el di\u00e1logo abierto. El estado reconoce la integraci\u00f3n regional como un pilar fundamental para el desarrollo sostenible de Latinoam\u00e9rica, fomentando alianzas que impulsen el crecimiento econ\u00f3mico y bienestar social.<\/p>\n","protected":false},"excerpt":{"rendered":"<p>Redacci\u00f3n\/Zona Roja. Oaxaca de Ju\u00e1rez, Oax. 9 de abril de 2025.- El gobernador de Oaxaca,&hellip;<\/p>\n","protected":false},"author":2,"featured_media":79210,"comment_status":"closed","ping_status":"open","sticky":false,"template":"","format":"standard","meta":{"_lmt_disableupdate":"","_lmt_disable":"","_jetpack_memberships_contains_paid_content":false,"footnotes":""},"categories":[109,46],"tags":[939],"class_list":["post-79209","post","type-post","status-publish","format-standard","has-post-thumbnail","hentry","category-minuto-a-minuto","category-zona-blanca","tag-salomon-jara-cruz"],"jetpack_featured_media_url":"https:\/\/zonaroja.com.mx\/wp-content\/uploads\/2025\/04\/Oaxaca-y-Panama-fortalecen-lazos-de-cooperacion-internacional-3.jpeg","jetpack_sharing_enabled":true,"_links":{"self":[{"href":"https:\/\/zonaroja.com.mx\/index.php?rest_route=\/wp\/v2\/posts\/79209","targetHints":{"allow":["GET"]}}],"collection":[{"href":"https:\/\/zonaroja.com.mx\/index.php?rest_route=\/wp\/v2\/posts"}],"about":[{"href":"https:\/\/zonaroja.com.mx\/index.php?rest_route=\/wp\/v2\/types\/post"}],"author":[{"embeddable":true,"href":"https:\/\/zonaroja.com.mx\/index.php?rest_route=\/wp\/v2\/users\/2"}],"replies":[{"embeddable":true,"href":"https:\/\/zonaroja.com.mx\/index.php?rest_route=%2Fwp%2Fv2%2Fcomments&post=79209"}],"version-history":[{"count":1,"href":"https:\/\/zonaroja.com.mx\/index.php?rest_route=\/wp\/v2\/posts\/79209\/revisions"}],"predecessor-version":[{"id":79211,"href":"https:\/\/zonaroja.com.mx\/index.php?rest_route=\/wp\/v2\/posts\/79209\/revisions\/79211"}],"wp:featuredmedia":[{"embeddable":true,"href":"https:\/\/zonaroja.com.mx\/index.php?rest_route=\/wp\/v2\/media\/79210"}],"wp:attachment":[{"href":"https:\/\/zonaroja.com.mx\/index.php?rest_route=%2Fwp%2Fv2%2Fmedia&parent=79209"}],"wp:term":[{"taxonomy":"category","embeddable":true,"href":"https:\/\/zonaroja.com.mx\/index.php?rest_route=%2Fwp%2Fv2%2Fcategories&post=79209"},{"taxonomy":"post_tag","embeddable":true,"href":"https:\/\/zonaroja.com.mx\/index.php?rest_route=%2Fwp%2Fv2%2Ftags&post=79209"}],"curies":[{"name":"wp","href":"https:\/\/api.w.org\/{rel}","templated":true}]}}