{"id":79212,"date":"2025-04-09T10:23:00","date_gmt":"2025-04-09T16:23:00","guid":{"rendered":"https:\/\/zonaroja.com.mx\/?p=79212"},"modified":"2025-04-09T07:25:36","modified_gmt":"2025-04-09T13:25:36","slug":"gobernador-morenista-de-puebla-insulta-a-periodista","status":"publish","type":"post","link":"https:\/\/zonaroja.com.mx\/?p=79212","title":{"rendered":"Gobernador morenista de Puebla insulta a periodista\u00a0"},"content":{"rendered":"\n<p>Redacci\u00f3n\/Zona Roja Cdmx.<\/p>\n\n\n\n<p>Ciudad de M\u00e9xico, a 9 de abril de 2025.- Durante un acto oficial, el gobernador morenista de Puebla, Alejandro Armenta, lanz\u00f3 graves insultos contra el periodista Rodolfo Ruiz, director del medio e-consulta.<\/p>\n\n\n\n<p>Lo llam\u00f3 p\u00fablicamente \u201ccobarde\u201d y \u201ccanalla\u201d, adem\u00e1s de solicitar a la Fiscal\u00eda General del Estado que act\u00fae en su contra.<\/p>\n\n\n\n<p>\u00bfLa raz\u00f3n? Un tuit en el que se se\u00f1alaba que el evento oficial del gobierno era un \u00abdistractor\u00bb.<\/p>\n\n\n\n<p>Estas fueron algunas de sus palabras:<\/p>\n\n\n\n<p>\u201cRodolfo Ruiz, eres un cobarde, eres un canalla, eso eres. As\u00ed te vas a identificar: como el canalla y el cobarde que genera violencia de g\u00e9nero\u2026 Le pido a la fiscal que act\u00fae, porque esto es violencia de g\u00e9nero y difamaci\u00f3n.\u201d<\/p>\n\n\n\n<p>Sin embargo, el gobernador estaba mal informado:<br>El tuit que provoc\u00f3 su reacci\u00f3n no fue publicado por Rodolfo Ruiz, sino por el periodista H\u00e9ctor Llorame, quien sali\u00f3 a aclarar el error en redes sociales con este mensaje:<\/p>\n\n\n\n<p>\u201cMe entero que el coraje del gober fue por un tuit que no era de quien le dijeron, sino m\u00edo.\u201d<\/p>\n\n\n\n<p>Este tipo de declaraciones han encendido las alarmas en el gremio period\u00edstico por representar un nuevo acto de hostigamiento hacia la prensa desde el poder.<\/p>\n\n\n\n<p>(Informaci\u00f3n del sitio \u201cP\u00e9ndulo Informativo\u201d)<\/p>\n","protected":false},"excerpt":{"rendered":"<p>Redacci\u00f3n\/Zona Roja Cdmx. Ciudad de M\u00e9xico, a 9 de abril de 2025.- Durante un acto&hellip;<\/p>\n","protected":false},"author":2,"featured_media":79213,"comment_status":"closed","ping_status":"open","sticky":false,"template":"","format":"standard","meta":{"_lmt_disableupdate":"","_lmt_disable":"","_jetpack_memberships_contains_paid_content":false,"footnotes":""},"categories":[109,47],"tags":[4273],"class_list":["post-79212","post","type-post","status-publish","format-standard","has-post-thumbnail","hentry","category-minuto-a-minuto","category-zona-gris","tag-alejandro-armenta-mier"],"jetpack_featured_media_url":"https:\/\/zonaroja.com.mx\/wp-content\/uploads\/2025\/04\/Alejandro-Armenta-Puebla.jpeg","jetpack_sharing_enabled":true,"_links":{"self":[{"href":"https:\/\/zonaroja.com.mx\/index.php?rest_route=\/wp\/v2\/posts\/79212","targetHints":{"allow":["GET"]}}],"collection":[{"href":"https:\/\/zonaroja.com.mx\/index.php?rest_route=\/wp\/v2\/posts"}],"about":[{"href":"https:\/\/zonaroja.com.mx\/index.php?rest_route=\/wp\/v2\/types\/post"}],"author":[{"embeddable":true,"href":"https:\/\/zonaroja.com.mx\/index.php?rest_route=\/wp\/v2\/users\/2"}],"replies":[{"embeddable":true,"href":"https:\/\/zonaroja.com.mx\/index.php?rest_route=%2Fwp%2Fv2%2Fcomments&post=79212"}],"version-history":[{"count":1,"href":"https:\/\/zonaroja.com.mx\/index.php?rest_route=\/wp\/v2\/posts\/79212\/revisions"}],"predecessor-version":[{"id":79214,"href":"https:\/\/zonaroja.com.mx\/index.php?rest_route=\/wp\/v2\/posts\/79212\/revisions\/79214"}],"wp:featuredmedia":[{"embeddable":true,"href":"https:\/\/zonaroja.com.mx\/index.php?rest_route=\/wp\/v2\/media\/79213"}],"wp:attachment":[{"href":"https:\/\/zonaroja.com.mx\/index.php?rest_route=%2Fwp%2Fv2%2Fmedia&parent=79212"}],"wp:term":[{"taxonomy":"category","embeddable":true,"href":"https:\/\/zonaroja.com.mx\/index.php?rest_route=%2Fwp%2Fv2%2Fcategories&post=79212"},{"taxonomy":"post_tag","embeddable":true,"href":"https:\/\/zonaroja.com.mx\/index.php?rest_route=%2Fwp%2Fv2%2Ftags&post=79212"}],"curies":[{"name":"wp","href":"https:\/\/api.w.org\/{rel}","templated":true}]}}