{"id":79226,"date":"2025-04-09T18:53:51","date_gmt":"2025-04-10T00:53:51","guid":{"rendered":"https:\/\/zonaroja.com.mx\/?p=79226"},"modified":"2025-04-09T18:53:53","modified_gmt":"2025-04-10T00:53:53","slug":"tras-denuncias-de-corrupcion-destituyen-a-titular-del-imss-bienestar-oaxaca","status":"publish","type":"post","link":"https:\/\/zonaroja.com.mx\/?p=79226","title":{"rendered":"Tras denuncias de corrupci\u00f3n, destituyen a titular del IMSS Bienestar Oaxaca"},"content":{"rendered":"\n<p>Raymundo Morales\/Zona Roja.<\/p>\n\n\n\n<p>Oaxaca de Ju\u00e1rez, Oax., a 9 de abril de 2025.- Luego de diversas denuncias por presuntos actos de corrupci\u00f3n, as\u00ed como m\u00faltiples quejas por falta de medicamentos y equipos, la coordinadora del IMSS Bienestar en Oaxaca, Soledad Z\u00e1rate Hern\u00e1ndez, fue destituida.<\/p>\n\n\n\n<p>En un comunicado, el Gobierno del Estado confirm\u00f3 el hecho e indic\u00f3 que la instituci\u00f3n contin\u00faa trabajando, de manera coordinada con el Gobierno del Estado, para afianzar el sistema de salud, que garantice la atenci\u00f3n oportuna, suficiente y con calidad que demanda la poblaci\u00f3n.<\/p>\n\n\n\n<p>Y es que apenas ayer, la Plataforma de Derechos Humanos de Oaxaca, que aglutina a diversas organizaciones sociales, recrimin\u00f3 que contin\u00faan las quejas y deficiencias en cl\u00ednicas y hospitales del estado, entre ellos en el hospital general \u201cDr. Aurelio Valdivieso\u201d.<\/p>\n\n\n\n<p>Mientras que la semana pasada, Soledad Z\u00e1rate enfrent\u00f3 protestas y se\u00f1alamientos de presuntos actos de corrupci\u00f3n por la imposici\u00f3n de nuevas empresas encargadas for\u00e1neas de la seguridad privada y de limpieza.<\/p>\n\n\n\n<p>La acusaci\u00f3n m\u00e1s reciente est\u00e1 relacionada con la omisi\u00f3n de atender la escasez de medicamentos e insumos m\u00e9dicos en el Hospital General \u201cDr. Aurelio Valdivieso\u201d, principalmente por la falta de abasto en la mayor\u00eda de las claves de medicamentos.<\/p>\n\n\n\n<p>La semana pasada, trabajadores de limpieza y seguridad privada pararon labores por al menos dos d\u00edas por la falta de certeza laboral ante el cambio de empresas que prestan el servicio al IMSS-Bienestar en Oaxaca; proceso en el cual, acusaron que fue a trav\u00e9s de una adjudicaci\u00f3n directa.<\/p>\n\n\n\n<p>Soledad Z\u00e1rate tambi\u00e9n fue acusada de no atender a los trabajadores que iniciaron su jubilaci\u00f3n ante la instituci\u00f3n, y que \u00fanicamente ped\u00edan la entrega de una hoja necesaria para continuar con retiro.<\/p>\n\n\n\n<p>Adem\u00e1s, durante el a\u00f1o y meses que estuvo al frente de la Coordinaci\u00f3n de los Servicios de Salud IMSS-Bienestar en Oaxaca, le estallaron paros de labores en los diferentes hospitales y centros de salud en el estado, en los que las demandan coincid\u00edan: falta de medicamentos, insumos m\u00e9dicos, fallas en los equipos, entre otras.<\/p>\n","protected":false},"excerpt":{"rendered":"<p>Raymundo Morales\/Zona Roja. Oaxaca de Ju\u00e1rez, Oax., a 9 de abril de 2025.- Luego de&hellip;<\/p>\n","protected":false},"author":2,"featured_media":79082,"comment_status":"closed","ping_status":"open","sticky":false,"template":"","format":"standard","meta":{"_lmt_disableupdate":"","_lmt_disable":"","_jetpack_memberships_contains_paid_content":false,"footnotes":""},"categories":[109,47],"tags":[2006],"class_list":["post-79226","post","type-post","status-publish","format-standard","has-post-thumbnail","hentry","category-minuto-a-minuto","category-zona-gris","tag-imss-bienestar-oaxaca"],"jetpack_featured_media_url":"https:\/\/zonaroja.com.mx\/wp-content\/uploads\/2025\/04\/Soledad-Zarate-IMSS-Bienestar.jpeg","jetpack_sharing_enabled":true,"_links":{"self":[{"href":"https:\/\/zonaroja.com.mx\/index.php?rest_route=\/wp\/v2\/posts\/79226","targetHints":{"allow":["GET"]}}],"collection":[{"href":"https:\/\/zonaroja.com.mx\/index.php?rest_route=\/wp\/v2\/posts"}],"about":[{"href":"https:\/\/zonaroja.com.mx\/index.php?rest_route=\/wp\/v2\/types\/post"}],"author":[{"embeddable":true,"href":"https:\/\/zonaroja.com.mx\/index.php?rest_route=\/wp\/v2\/users\/2"}],"replies":[{"embeddable":true,"href":"https:\/\/zonaroja.com.mx\/index.php?rest_route=%2Fwp%2Fv2%2Fcomments&post=79226"}],"version-history":[{"count":1,"href":"https:\/\/zonaroja.com.mx\/index.php?rest_route=\/wp\/v2\/posts\/79226\/revisions"}],"predecessor-version":[{"id":79227,"href":"https:\/\/zonaroja.com.mx\/index.php?rest_route=\/wp\/v2\/posts\/79226\/revisions\/79227"}],"wp:featuredmedia":[{"embeddable":true,"href":"https:\/\/zonaroja.com.mx\/index.php?rest_route=\/wp\/v2\/media\/79082"}],"wp:attachment":[{"href":"https:\/\/zonaroja.com.mx\/index.php?rest_route=%2Fwp%2Fv2%2Fmedia&parent=79226"}],"wp:term":[{"taxonomy":"category","embeddable":true,"href":"https:\/\/zonaroja.com.mx\/index.php?rest_route=%2Fwp%2Fv2%2Fcategories&post=79226"},{"taxonomy":"post_tag","embeddable":true,"href":"https:\/\/zonaroja.com.mx\/index.php?rest_route=%2Fwp%2Fv2%2Ftags&post=79226"}],"curies":[{"name":"wp","href":"https:\/\/api.w.org\/{rel}","templated":true}]}}