{"id":79228,"date":"2025-04-09T19:11:53","date_gmt":"2025-04-10T01:11:53","guid":{"rendered":"https:\/\/zonaroja.com.mx\/?p=79228"},"modified":"2025-04-09T19:11:55","modified_gmt":"2025-04-10T01:11:55","slug":"designan-a-dos-mujeres-para-tribunal-electoral-de-oaxaca-asumen-cargo","status":"publish","type":"post","link":"https:\/\/zonaroja.com.mx\/?p=79228","title":{"rendered":"Designan a dos mujeres para Tribunal Electoral de Oaxaca; asumen cargo"},"content":{"rendered":"\n<p>Redacci\u00f3n\/Zona Roja.<\/p>\n\n\n\n<p>Oaxaca de Ju\u00e1rez, Oax. a 9 de abril de 2025.- Por primera vez en su historia, el pleno del Tribunal Electoral del Estado de Oaxaca (TEEO) qued\u00f3 conformado por tres mujeres, tras el nombramiento que realiz\u00f3 este mi\u00e9rcoles el Senado de la Rep\u00fablica.<\/p>\n\n\n\n<p>En sesi\u00f3n ordinaria de ese \u00f3rgano legislativo, Gloria \u00c1ngeles Cruz L\u00f3pez y Sandra P\u00e9rez Cruz tomaron protesta junto a magistradas y magistrados de otras 29 entidades.&nbsp;&nbsp;<\/p>\n\n\n\n<p>Al respecto, la magistrada presidenta del TEEO, Elizabeth Bautista Velasco, afirm\u00f3 que estas designaciones fortalecer\u00e1n el trabajo que realiza este \u00f3rgano jurisdiccional en la tutela de los derechos pol\u00edtico-electorales de la ciudadan\u00eda.<\/p>\n\n\n\n<p>Record\u00f3 que este Tribunal ha trabajo de manera ininterrumpida, apegado a los principios de certeza, legalidad, independencia, imparcialidad y objetividad; con resoluciones con perspectiva de g\u00e9nero, respeto al pluralismo cultural y a la autodeterminaci\u00f3n de los pueblos ind\u00edgenas y afromexicanos.<\/p>\n\n\n\n<p>Bautista Velasco agradeci\u00f3 a Ledis Ivonne Ramos M\u00e9ndez y a Jovani Javier Herrera Castillo, quienes estuvieron, durante varios meses, al frente de las magistraturas vacantes, por su trabajo profesional y entrega personal para resolver, siempre, con amplio criterio, apego a la ley y mirando siempre por el inter\u00e9s superior de las y los ciudadanos.<\/p>\n","protected":false},"excerpt":{"rendered":"<p>Redacci\u00f3n\/Zona Roja. Oaxaca de Ju\u00e1rez, Oax. a 9 de abril de 2025.- Por primera vez&hellip;<\/p>\n","protected":false},"author":2,"featured_media":79229,"comment_status":"closed","ping_status":"open","sticky":false,"template":"","format":"standard","meta":{"_lmt_disableupdate":"","_lmt_disable":"","_jetpack_memberships_contains_paid_content":false,"footnotes":""},"categories":[109,46],"tags":[2235],"class_list":["post-79228","post","type-post","status-publish","format-standard","has-post-thumbnail","hentry","category-minuto-a-minuto","category-zona-blanca","tag-tribunal-electoral-del-estado-de-oaxaca-teeo"],"jetpack_featured_media_url":"https:\/\/zonaroja.com.mx\/wp-content\/uploads\/2025\/04\/Magistradas-TEEO-Tribunal.jpg","jetpack_sharing_enabled":true,"_links":{"self":[{"href":"https:\/\/zonaroja.com.mx\/index.php?rest_route=\/wp\/v2\/posts\/79228","targetHints":{"allow":["GET"]}}],"collection":[{"href":"https:\/\/zonaroja.com.mx\/index.php?rest_route=\/wp\/v2\/posts"}],"about":[{"href":"https:\/\/zonaroja.com.mx\/index.php?rest_route=\/wp\/v2\/types\/post"}],"author":[{"embeddable":true,"href":"https:\/\/zonaroja.com.mx\/index.php?rest_route=\/wp\/v2\/users\/2"}],"replies":[{"embeddable":true,"href":"https:\/\/zonaroja.com.mx\/index.php?rest_route=%2Fwp%2Fv2%2Fcomments&post=79228"}],"version-history":[{"count":1,"href":"https:\/\/zonaroja.com.mx\/index.php?rest_route=\/wp\/v2\/posts\/79228\/revisions"}],"predecessor-version":[{"id":79230,"href":"https:\/\/zonaroja.com.mx\/index.php?rest_route=\/wp\/v2\/posts\/79228\/revisions\/79230"}],"wp:featuredmedia":[{"embeddable":true,"href":"https:\/\/zonaroja.com.mx\/index.php?rest_route=\/wp\/v2\/media\/79229"}],"wp:attachment":[{"href":"https:\/\/zonaroja.com.mx\/index.php?rest_route=%2Fwp%2Fv2%2Fmedia&parent=79228"}],"wp:term":[{"taxonomy":"category","embeddable":true,"href":"https:\/\/zonaroja.com.mx\/index.php?rest_route=%2Fwp%2Fv2%2Fcategories&post=79228"},{"taxonomy":"post_tag","embeddable":true,"href":"https:\/\/zonaroja.com.mx\/index.php?rest_route=%2Fwp%2Fv2%2Ftags&post=79228"}],"curies":[{"name":"wp","href":"https:\/\/api.w.org\/{rel}","templated":true}]}}